{"id":34207,"date":"2026-08-31T17:17:31","date_gmt":"2026-08-31T17:17:31","guid":{"rendered":"https:\/\/icoinformativo.mx\/home\/?p=34207"},"modified":"2026-08-31T17:17:31","modified_gmt":"2026-08-31T17:17:31","slug":"aviso-importante-el-ayuntamiento-de-solosuchiapa-informa-sobre-cierre-vial-por-trabajos-de-obra-publica-en-la-calle-venustiano-carranza","status":"publish","type":"post","link":"https:\/\/icoinformativo.mx\/home\/?p=34207","title":{"rendered":"**Aviso Importante: El Ayuntamiento de Solosuchiapa informa sobre cierre vial por trabajos de obra p\u00fablica en la calle Venustiano Carranza**"},"content":{"rendered":"<p>&nbsp;<\/p>\n<p>**Solosuchiapa, Chiapas.- Agosto del 2026 ** \u2014 El H. Ayuntamiento Municipal, encabezado por el presidente Fernando Aparicio G\u00f3mez, informa a la ciudadan\u00eda en general y a los propietarios de veh\u00edculos en particular, sobre el inicio de los trabajos de demolici\u00f3n programados en la calle Venustiano Carranza.<\/p>\n<p>&nbsp;<\/p>\n<p>Con el objetivo de agilizar las labores de infraestructura y garantizar la seguridad tanto de la poblaci\u00f3n como del personal que ejecutar\u00e1 la obra, se solicita encarecidamente a los vecinos y automovilistas **retirar sus veh\u00edculos** estacionados sobre dicha calle y en sus respectivos cruces antes del inicio de los trabajos.<\/p>\n<p>&nbsp;<\/p>\n<p>Las autoridades municipales enfatizaron que, una vez comenzada la intervenci\u00f3n, la vialidad ser\u00e1 cerrada en su totalidad, por lo que **no ser\u00e1 posible ingresar a la zona para mover veh\u00edculos** ni realizar maniobras de estacionamiento.<\/p>\n<p>&nbsp;<\/p>\n<p>El Ayuntamiento agradece de antemano la comprensi\u00f3n, colaboraci\u00f3n y el apoyo de los habitantes de Solosuchiapa, reiterando que estas medidas preventivas son necesarias para llevar a cabo una obra de calidad que beneficiar\u00e1 a toda la comunidad.<\/p>\n<p>&nbsp;<\/p>\n<p>Se exhorta a la ciudadan\u00eda a tomar las precauciones necesarias y buscar rutas alternas para evitar inconvenientes durante el desarrollo de estos trabajos.<\/p>\n<p>&nbsp;<\/p>\n<p>#QueOrgulloSerShuleco #ComunicadoMunicipal #Solosuchiapa<\/p>\n","protected":false},"excerpt":{"rendered":"<p>&nbsp; **Solosuchiapa, Chiapas.- Agosto del 2026 ** \u2014 El H. Ayuntamiento Municipal, encabezado por el&#8230;<\/p>\n","protected":false},"author":2,"featured_media":34208,"comment_status":"closed","ping_status":"closed","sticky":false,"template":"","format":"standard","meta":{"_joinchat":[],"footnotes":""},"categories":[18,1,2,3],"tags":[],"class_list":["post-34207","post","type-post","status-publish","format-standard","has-post-thumbnail","hentry","category-almomento","category-boletin","category-estado","category-health"],"_links":{"self":[{"href":"https:\/\/icoinformativo.mx\/home\/index.php?rest_route=\/wp\/v2\/posts\/34207","targetHints":{"allow":["GET"]}}],"collection":[{"href":"https:\/\/icoinformativo.mx\/home\/index.php?rest_route=\/wp\/v2\/posts"}],"about":[{"href":"https:\/\/icoinformativo.mx\/home\/index.php?rest_route=\/wp\/v2\/types\/post"}],"author":[{"embeddable":true,"href":"https:\/\/icoinformativo.mx\/home\/index.php?rest_route=\/wp\/v2\/users\/2"}],"replies":[{"embeddable":true,"href":"https:\/\/icoinformativo.mx\/home\/index.php?rest_route=%2Fwp%2Fv2%2Fcomments&post=34207"}],"version-history":[{"count":1,"href":"https:\/\/icoinformativo.mx\/home\/index.php?rest_route=\/wp\/v2\/posts\/34207\/revisions"}],"predecessor-version":[{"id":34209,"href":"https:\/\/icoinformativo.mx\/home\/index.php?rest_route=\/wp\/v2\/posts\/34207\/revisions\/34209"}],"wp:featuredmedia":[{"embeddable":true,"href":"https:\/\/icoinformativo.mx\/home\/index.php?rest_route=\/wp\/v2\/media\/34208"}],"wp:attachment":[{"href":"https:\/\/icoinformativo.mx\/home\/index.php?rest_route=%2Fwp%2Fv2%2Fmedia&parent=34207"}],"wp:term":[{"taxonomy":"category","embeddable":true,"href":"https:\/\/icoinformativo.mx\/home\/index.php?rest_route=%2Fwp%2Fv2%2Fcategories&post=34207"},{"taxonomy":"post_tag","embeddable":true,"href":"https:\/\/icoinformativo.mx\/home\/index.php?rest_route=%2Fwp%2Fv2%2Ftags&post=34207"}],"curies":[{"name":"wp","href":"https:\/\/api.w.org\/{rel}","templated":true}]}}