{"id":34198,"date":"2026-08-31T16:53:31","date_gmt":"2026-08-31T16:53:31","guid":{"rendered":"https:\/\/icoinformativo.mx\/home\/?p=34198"},"modified":"2026-08-31T16:53:31","modified_gmt":"2026-08-31T16:53:31","slug":"solosuchiapa-reafirma-su-compromiso-ambiental-con-exitosa-jornada-nacional-de-reforestacion","status":"publish","type":"post","link":"https:\/\/icoinformativo.mx\/home\/?p=34198","title":{"rendered":"**Solosuchiapa reafirma su compromiso ambiental con exitosa Jornada Nacional de Reforestaci\u00f3n**"},"content":{"rendered":"<p>**Solosuchiapa, Chiapas.- Agosto del 2026 ** \u2014 Con el firme prop\u00f3sito de fortalecer la preservaci\u00f3n del medio ambiente y rescatar las \u00e1reas verdes del municipio, el Ayuntamiento de Solosuchiapa llev\u00f3 a cabo este d\u00eda la Jornada Nacional de Reforestaci\u00f3n, una iniciativa que cont\u00f3 con una destacada participaci\u00f3n ciudadana.<\/p>\n<p>&nbsp;<\/p>\n<p>El presidente municipal, Ing. Fernando Aparicio G\u00f3mez, encabez\u00f3 las actividades de plantaci\u00f3n, acompa\u00f1ado por personal del Ayuntamiento y habitantes de la localidad. Juntos, trabajaron en la reforestaci\u00f3n de una hect\u00e1rea de terreno, donde se lograron plantar 640 \u00e1rboles de especies nativas.<\/p>\n<p>&nbsp;<\/p>\n<p>Durante la jornada, el alcalde destac\u00f3 la importancia de estas acciones, subrayando que la siembra de \u00e1rboles no solo embellece el entorno, sino que es una medida esencial para combatir el cambio clim\u00e1tico y garantizar la salud de los ecosistemas locales para las futuras generaciones.<\/p>\n<p>&nbsp;<\/p>\n<p>\u00abEs gratificante ver la unidad de nuestra gente. Cada \u00e1rbol sembrado hoy es un paso adelante en la construcci\u00f3n de un municipio m\u00e1s verde y sustentable\u00bb, expres\u00f3 el Ing. Aparicio G\u00f3mez al finalizar la jornada.<\/p>\n<p>&nbsp;<\/p>\n<p>La actividad se desarroll\u00f3 en un ambiente de cooperaci\u00f3n y entusiasmo, reflejando el compromiso de la actual administraci\u00f3n por impulsar pol\u00edticas p\u00fablicas que prioricen el bienestar ecol\u00f3gico. Con esta labor, Solosuchiapa se suma a los esfuerzos nacionales por restaurar la cobertura forestal, dejando claro que el trabajo conjunto entre gobierno y sociedad es la clave para el desarrollo sostenible de la regi\u00f3n.<\/p>\n<p>&nbsp;<\/p>\n<p>#QueOrgulloSerShuleco<\/p>\n","protected":false},"excerpt":{"rendered":"<p>**Solosuchiapa, Chiapas.- Agosto del 2026 ** \u2014 Con el firme prop\u00f3sito de fortalecer la preservaci\u00f3n&#8230;<\/p>\n","protected":false},"author":2,"featured_media":34199,"comment_status":"closed","ping_status":"closed","sticky":false,"template":"","format":"standard","meta":{"_joinchat":[],"footnotes":""},"categories":[1,2,3],"tags":[],"class_list":["post-34198","post","type-post","status-publish","format-standard","has-post-thumbnail","hentry","category-boletin","category-estado","category-health"],"_links":{"self":[{"href":"https:\/\/icoinformativo.mx\/home\/index.php?rest_route=\/wp\/v2\/posts\/34198","targetHints":{"allow":["GET"]}}],"collection":[{"href":"https:\/\/icoinformativo.mx\/home\/index.php?rest_route=\/wp\/v2\/posts"}],"about":[{"href":"https:\/\/icoinformativo.mx\/home\/index.php?rest_route=\/wp\/v2\/types\/post"}],"author":[{"embeddable":true,"href":"https:\/\/icoinformativo.mx\/home\/index.php?rest_route=\/wp\/v2\/users\/2"}],"replies":[{"embeddable":true,"href":"https:\/\/icoinformativo.mx\/home\/index.php?rest_route=%2Fwp%2Fv2%2Fcomments&post=34198"}],"version-history":[{"count":1,"href":"https:\/\/icoinformativo.mx\/home\/index.php?rest_route=\/wp\/v2\/posts\/34198\/revisions"}],"predecessor-version":[{"id":34200,"href":"https:\/\/icoinformativo.mx\/home\/index.php?rest_route=\/wp\/v2\/posts\/34198\/revisions\/34200"}],"wp:featuredmedia":[{"embeddable":true,"href":"https:\/\/icoinformativo.mx\/home\/index.php?rest_route=\/wp\/v2\/media\/34199"}],"wp:attachment":[{"href":"https:\/\/icoinformativo.mx\/home\/index.php?rest_route=%2Fwp%2Fv2%2Fmedia&parent=34198"}],"wp:term":[{"taxonomy":"category","embeddable":true,"href":"https:\/\/icoinformativo.mx\/home\/index.php?rest_route=%2Fwp%2Fv2%2Fcategories&post=34198"},{"taxonomy":"post_tag","embeddable":true,"href":"https:\/\/icoinformativo.mx\/home\/index.php?rest_route=%2Fwp%2Fv2%2Ftags&post=34198"}],"curies":[{"name":"wp","href":"https:\/\/api.w.org\/{rel}","templated":true}]}}