{"id":34090,"date":"2026-03-12T02:51:29","date_gmt":"2026-03-12T02:51:29","guid":{"rendered":"https:\/\/icoinformativo.mx\/home\/?p=34090"},"modified":"2026-03-12T02:51:29","modified_gmt":"2026-03-12T02:51:29","slug":"presidente-municipal-de-solosuchiapa-participa-en-mesa-regional-de-paz-para-fortalecer-la-seguridad-en-chiapas","status":"publish","type":"post","link":"https:\/\/icoinformativo.mx\/home\/?p=34090","title":{"rendered":"**PRESIDENTE MUNICIPAL DE SOLOSUCHIAPA PARTICIPA EN MESA REGIONAL DE PAZ PARA FORTALECER LA SEGURIDAD EN CHIAPAS**"},"content":{"rendered":"<p>&nbsp;<\/p>\n<p>*Solosuchiapa, Chiapas, 12 de febrero de 2026** \u2013 El Ingeniero Fernando Aparicio G\u00f3mez, Presidente Municipal de Solosuchiapa, particip\u00f3 activamente en la Mesa Regional de Paz Chiapas, un encuentro crucial llevado a cabo en el municipio de Ixhuat\u00e1n. La reuni\u00f3n tuvo como objetivo principal reafirmar y fortalecer la coordinaci\u00f3n entre los tres niveles de gobierno en pro de garantizar la seguridad y la paz en toda la regi\u00f3n.<\/p>\n<p>&nbsp;<\/p>\n<p>Durante el importante encuentro, se dieron cita diversas autoridades municipales, as\u00ed como mandos militares y representantes clave de las fuerzas de seguridad. La agenda estuvo enfocada en acordar acciones estrat\u00e9gicas y concretas, dise\u00f1adas para reforzar la tranquilidad y el bienestar de las familias no solo de Solosuchiapa, sino tambi\u00e9n de los municipios vecinos.<\/p>\n<p>&nbsp;<\/p>\n<p>Los participantes enfatizaron la importancia de consolidar un trabajo conjunto y coordinado, consider\u00e1ndolo esencial para el mantenimiento y la mejora de la seguridad regional. La colaboraci\u00f3n interinstitucional se presenta como el pilar fundamental para enfrentar los desaf\u00edos en materia de seguridad y construir entornos m\u00e1s seguros para los ciudadanos.<\/p>\n<p>&nbsp;<\/p>\n<p>#QueOrgulloSerShuleco<\/p>\n","protected":false},"excerpt":{"rendered":"<p>&nbsp; *Solosuchiapa, Chiapas, 12 de febrero de 2026** \u2013 El Ingeniero Fernando Aparicio G\u00f3mez, Presidente&#8230;<\/p>\n","protected":false},"author":2,"featured_media":34091,"comment_status":"closed","ping_status":"closed","sticky":false,"template":"","format":"standard","meta":{"_joinchat":[],"footnotes":""},"categories":[18,1,2,3],"tags":[],"class_list":["post-34090","post","type-post","status-publish","format-standard","has-post-thumbnail","hentry","category-almomento","category-boletin","category-estado","category-health"],"_links":{"self":[{"href":"https:\/\/icoinformativo.mx\/home\/index.php?rest_route=\/wp\/v2\/posts\/34090","targetHints":{"allow":["GET"]}}],"collection":[{"href":"https:\/\/icoinformativo.mx\/home\/index.php?rest_route=\/wp\/v2\/posts"}],"about":[{"href":"https:\/\/icoinformativo.mx\/home\/index.php?rest_route=\/wp\/v2\/types\/post"}],"author":[{"embeddable":true,"href":"https:\/\/icoinformativo.mx\/home\/index.php?rest_route=\/wp\/v2\/users\/2"}],"replies":[{"embeddable":true,"href":"https:\/\/icoinformativo.mx\/home\/index.php?rest_route=%2Fwp%2Fv2%2Fcomments&post=34090"}],"version-history":[{"count":1,"href":"https:\/\/icoinformativo.mx\/home\/index.php?rest_route=\/wp\/v2\/posts\/34090\/revisions"}],"predecessor-version":[{"id":34092,"href":"https:\/\/icoinformativo.mx\/home\/index.php?rest_route=\/wp\/v2\/posts\/34090\/revisions\/34092"}],"wp:featuredmedia":[{"embeddable":true,"href":"https:\/\/icoinformativo.mx\/home\/index.php?rest_route=\/wp\/v2\/media\/34091"}],"wp:attachment":[{"href":"https:\/\/icoinformativo.mx\/home\/index.php?rest_route=%2Fwp%2Fv2%2Fmedia&parent=34090"}],"wp:term":[{"taxonomy":"category","embeddable":true,"href":"https:\/\/icoinformativo.mx\/home\/index.php?rest_route=%2Fwp%2Fv2%2Fcategories&post=34090"},{"taxonomy":"post_tag","embeddable":true,"href":"https:\/\/icoinformativo.mx\/home\/index.php?rest_route=%2Fwp%2Fv2%2Ftags&post=34090"}],"curies":[{"name":"wp","href":"https:\/\/api.w.org\/{rel}","templated":true}]}}