{"id":34079,"date":"2026-03-12T02:24:40","date_gmt":"2026-03-12T02:24:40","guid":{"rendered":"https:\/\/icoinformativo.mx\/home\/?p=34079"},"modified":"2026-03-12T02:24:40","modified_gmt":"2026-03-12T02:24:40","slug":"solosuchiapa-refuerza-seguridad-con-operativo-coordinado-en-el-municipio","status":"publish","type":"post","link":"https:\/\/icoinformativo.mx\/home\/?p=34079","title":{"rendered":"**SOLOSUCHIAPA REFUERZA SEGURIDAD CON OPERATIVO COORDINADO EN EL MUNICIPIO*"},"content":{"rendered":"<p>*Solosuchiapa, Chiapas. Febrero 23 de 2026.** \u2014 En respuesta a los recientes acontecimientos en la regi\u00f3n y reafirmando su compromiso con la seguridad de las familias, el Presidente Municipal de Solosuchiapa, Ing. Fernando Aparicio G\u00f3mez, puso en marcha un operativo preventivo integral en el municipio.<\/p>\n<p>&nbsp;<\/p>\n<p>La iniciativa comenz\u00f3 este 23 de febrero a las 08:30 horas, con el objetivo primordial de prevenir e inhibir la comisi\u00f3n de delitos. El operativo incluye recorridos estrat\u00e9gicos y el establecimiento de puntos de inspecci\u00f3n clave, resultado de una coordinaci\u00f3n efectiva entre los tres \u00f3rdenes de gobierno.<\/p>\n<p>&nbsp;<\/p>\n<p>En este despliegue de seguridad participan activamente diversas instituciones, entre ellas la Fiscal\u00eda del Ministerio P\u00fablico de Pichucalco, la Polic\u00eda Municipal de Solosuchiapa, la Agencia de Investigaci\u00f3n e Inteligencia Ministerial, la Guardia Estatal Preventiva y la Secretar\u00eda de la Defensa Nacional (SEDENA).<\/p>\n<p>&nbsp;<\/p>\n<p>El Gobierno Municipal ha reiterado que continuar\u00e1 trabajando de manera coordinada y decidida para fortalecer la paz, el orden y la tranquilidad que anhelan los habitantes de Solosuchiapa.<\/p>\n<p>&nbsp;<\/p>\n<p>&#8212;<\/p>\n","protected":false},"excerpt":{"rendered":"<p>*Solosuchiapa, Chiapas. Febrero 23 de 2026.** \u2014 En respuesta a los recientes acontecimientos en la&#8230;<\/p>\n","protected":false},"author":2,"featured_media":34080,"comment_status":"closed","ping_status":"closed","sticky":false,"template":"","format":"standard","meta":{"_joinchat":[],"footnotes":""},"categories":[18,1,2,3],"tags":[],"class_list":["post-34079","post","type-post","status-publish","format-standard","has-post-thumbnail","hentry","category-almomento","category-boletin","category-estado","category-health"],"_links":{"self":[{"href":"https:\/\/icoinformativo.mx\/home\/index.php?rest_route=\/wp\/v2\/posts\/34079","targetHints":{"allow":["GET"]}}],"collection":[{"href":"https:\/\/icoinformativo.mx\/home\/index.php?rest_route=\/wp\/v2\/posts"}],"about":[{"href":"https:\/\/icoinformativo.mx\/home\/index.php?rest_route=\/wp\/v2\/types\/post"}],"author":[{"embeddable":true,"href":"https:\/\/icoinformativo.mx\/home\/index.php?rest_route=\/wp\/v2\/users\/2"}],"replies":[{"embeddable":true,"href":"https:\/\/icoinformativo.mx\/home\/index.php?rest_route=%2Fwp%2Fv2%2Fcomments&post=34079"}],"version-history":[{"count":1,"href":"https:\/\/icoinformativo.mx\/home\/index.php?rest_route=\/wp\/v2\/posts\/34079\/revisions"}],"predecessor-version":[{"id":34081,"href":"https:\/\/icoinformativo.mx\/home\/index.php?rest_route=\/wp\/v2\/posts\/34079\/revisions\/34081"}],"wp:featuredmedia":[{"embeddable":true,"href":"https:\/\/icoinformativo.mx\/home\/index.php?rest_route=\/wp\/v2\/media\/34080"}],"wp:attachment":[{"href":"https:\/\/icoinformativo.mx\/home\/index.php?rest_route=%2Fwp%2Fv2%2Fmedia&parent=34079"}],"wp:term":[{"taxonomy":"category","embeddable":true,"href":"https:\/\/icoinformativo.mx\/home\/index.php?rest_route=%2Fwp%2Fv2%2Fcategories&post=34079"},{"taxonomy":"post_tag","embeddable":true,"href":"https:\/\/icoinformativo.mx\/home\/index.php?rest_route=%2Fwp%2Fv2%2Ftags&post=34079"}],"curies":[{"name":"wp","href":"https:\/\/api.w.org\/{rel}","templated":true}]}}