{"id":33999,"date":"2026-01-29T02:46:55","date_gmt":"2026-01-29T02:46:55","guid":{"rendered":"https:\/\/icoinformativo.mx\/home\/?p=33999"},"modified":"2026-01-29T02:46:55","modified_gmt":"2026-01-29T02:46:55","slug":"iap-chiapas-y-cobach-signan-convenio-de-colaboracion-en-materia-de-formacion-profesional-y-desarrollo-academico","status":"publish","type":"post","link":"https:\/\/icoinformativo.mx\/home\/?p=33999","title":{"rendered":"IAP Chiapas y Cobach signan convenio de colaboraci\u00f3n en materia de formaci\u00f3n profesional y desarrollo acad\u00e9mico"},"content":{"rendered":"<p>&nbsp;<\/p>\n<p>\u2022 La firma fue encabezada por Lysette Raquel Lameiro Camacho, presidenta del Consejo Directivo y Rectora del Instituto, y Viridiana Figueroa Garc\u00eda, directora general del Colegio<\/p>\n<p>&nbsp;<\/p>\n<p>Tuxtla Guti\u00e9rrez, Chiapas; 28 de enero 2026.- Lysette Raquel Lameiro Camacho, presidenta del Consejo Directivo y rectora del IAP Chiapas (IAP), y Viridiana Figueroa Garc\u00eda, directora general del Colegio de Bachilleres de Chiapas (Cobach), suscribieron un convenio de colaboraci\u00f3n interinstitucional en materia de formaci\u00f3n profesional y desarrollo acad\u00e9mico.<\/p>\n<p>&nbsp;<\/p>\n<p>El acto tuvo lugar en las instalaciones del Cobach, donde ambas autoridades destacaron la importancia de unir esfuerzos en las alianzas estrat\u00e9gicas para impulsar la capacitaci\u00f3n en favor de la educaci\u00f3n.<\/p>\n<p>&nbsp;<\/p>\n<p>En su intervenci\u00f3n, la presidenta del IAP Chiapas subray\u00f3 la importancia de este convenio para impulsar acciones conjuntas en los \u00e1mbitos acad\u00e9micos de profesionalizaci\u00f3n y de fortalecimiento de las relaciones institucionales, orientadas a contribuir a una educaci\u00f3n de mayor calidad en la Nueva ERA.<\/p>\n<p>&nbsp;<\/p>\n<p>Por su parte, la directora general del Cobach destac\u00f3 que ambas instituciones reafirman su compromiso de impulsar iniciativas conjuntas de formaci\u00f3n, vinculaci\u00f3n e intercambio acad\u00e9mico y generaci\u00f3n de conocimiento orientadas al fortalecimiento institucional y el desarrollo de la administraci\u00f3n p\u00fablica en Chiapas.<\/p>\n<p>&nbsp;<\/p>\n<p>Se\u00f1al\u00f3 que este convenio representa una oportunidad para compartir experiencias sumar capacidades y promover una cultura de mejora continua que contribuya al desarrollo de competencias a la innovaci\u00f3n de los procesos administrativos y a la calidad del servicio p\u00fablico en Chiapas.<\/p>\n<p>&nbsp;<\/p>\n<p>Es importante resaltar que gracias a este convenio, docentes y directivos del Cobach dieron inicio a sus estudios de Maestr\u00eda en Educaci\u00f3n en el IAP Chiapas.<\/p>\n<p>&nbsp;<\/p>\n<p>Durante la firma del convenio estuvieron presentes integrantes del Consejo Directivo del IAP Chiapas y funcionarios del Colegio.<\/p>\n","protected":false},"excerpt":{"rendered":"<p>&nbsp; \u2022 La firma fue encabezada por Lysette Raquel Lameiro Camacho, presidenta del Consejo Directivo&#8230;<\/p>\n","protected":false},"author":2,"featured_media":34000,"comment_status":"closed","ping_status":"closed","sticky":false,"template":"","format":"standard","meta":{"_joinchat":[],"footnotes":""},"categories":[18,1,2,3],"tags":[],"class_list":["post-33999","post","type-post","status-publish","format-standard","has-post-thumbnail","hentry","category-almomento","category-boletin","category-estado","category-health"],"_links":{"self":[{"href":"https:\/\/icoinformativo.mx\/home\/index.php?rest_route=\/wp\/v2\/posts\/33999","targetHints":{"allow":["GET"]}}],"collection":[{"href":"https:\/\/icoinformativo.mx\/home\/index.php?rest_route=\/wp\/v2\/posts"}],"about":[{"href":"https:\/\/icoinformativo.mx\/home\/index.php?rest_route=\/wp\/v2\/types\/post"}],"author":[{"embeddable":true,"href":"https:\/\/icoinformativo.mx\/home\/index.php?rest_route=\/wp\/v2\/users\/2"}],"replies":[{"embeddable":true,"href":"https:\/\/icoinformativo.mx\/home\/index.php?rest_route=%2Fwp%2Fv2%2Fcomments&post=33999"}],"version-history":[{"count":1,"href":"https:\/\/icoinformativo.mx\/home\/index.php?rest_route=\/wp\/v2\/posts\/33999\/revisions"}],"predecessor-version":[{"id":34001,"href":"https:\/\/icoinformativo.mx\/home\/index.php?rest_route=\/wp\/v2\/posts\/33999\/revisions\/34001"}],"wp:featuredmedia":[{"embeddable":true,"href":"https:\/\/icoinformativo.mx\/home\/index.php?rest_route=\/wp\/v2\/media\/34000"}],"wp:attachment":[{"href":"https:\/\/icoinformativo.mx\/home\/index.php?rest_route=%2Fwp%2Fv2%2Fmedia&parent=33999"}],"wp:term":[{"taxonomy":"category","embeddable":true,"href":"https:\/\/icoinformativo.mx\/home\/index.php?rest_route=%2Fwp%2Fv2%2Fcategories&post=33999"},{"taxonomy":"post_tag","embeddable":true,"href":"https:\/\/icoinformativo.mx\/home\/index.php?rest_route=%2Fwp%2Fv2%2Ftags&post=33999"}],"curies":[{"name":"wp","href":"https:\/\/api.w.org\/{rel}","templated":true}]}}