{"id":33937,"date":"2026-01-23T03:57:55","date_gmt":"2026-01-23T03:57:55","guid":{"rendered":"https:\/\/icoinformativo.mx\/home\/?p=33937"},"modified":"2026-01-23T03:57:55","modified_gmt":"2026-01-23T03:57:55","slug":"saybg-y-tjaech-fortalecen-coordinacion-interinstitucional-mediante-capacitacion-en-materia-administrativa","status":"publish","type":"post","link":"https:\/\/icoinformativo.mx\/home\/?p=33937","title":{"rendered":"SAyBG y TJAECH fortalecen coordinaci\u00f3n interinstitucional mediante capacitaci\u00f3n en materia administrativa"},"content":{"rendered":"<p>&nbsp;<\/p>\n<p>&nbsp;<\/p>\n<p>Con el prop\u00f3sito de fortalecer las capacidades institucionales y consolidar una actuaci\u00f3n p\u00fablica apegada a la legalidad, la transparencia y la rendici\u00f3n de cuentas, la titular de la Secretar\u00eda Anticorrupci\u00f3n y Buen Gobierno (SAyBG), Ana Laura Romero Basurto, y la magistrada presidenta del Tribunal de Justicia Administrativa del Estado de Chiapas (TJAECH), Edna Maritza Morales Bautista, sostuvieron una reuni\u00f3n de trabajo.<\/p>\n<p>&nbsp;<\/p>\n<p>Durante el encuentro, se dio seguimiento y se refrend\u00f3 la coordinaci\u00f3n para el desarrollo de los cursos de capacitaci\u00f3n que dicho \u00f3rgano jurisdiccional se encuentra impartiendo al personal de la SAyBG, reconociendo y agradeciendo de manera institucional la disposici\u00f3n, el profesionalismo y el alto nivel t\u00e9cnico con el que el TJAECH ha contribuido a la formaci\u00f3n continua de las y los servidores p\u00fablicos.<\/p>\n<p>&nbsp;<\/p>\n<p>Se destac\u00f3 que la capacitaci\u00f3n permanente constituye una herramienta esencial para el fortalecimiento de las competencias t\u00e9cnicas, jur\u00eddicas y administrativas del personal, as\u00ed como para el adecuado cumplimiento de las disposiciones normativas en materia de responsabilidades administrativas, transparencia, legalidad y rendici\u00f3n de cuentas.<\/p>\n<p>&nbsp;<\/p>\n<p>Finalmente, ambas refrendaron su compromiso de seguir impulsando acciones de colaboraci\u00f3n interinstitucional que permitan consolidar una gesti\u00f3n p\u00fablica eficiente, \u00e9tica y orientada al servicio de la ciudadan\u00eda, reconociendo el papel fundamental del Tribunal de Justicia Administrativa del Estado de Chiapas, en la profesionalizaci\u00f3n del servicio p\u00fablico y en el fortalecimiento del Estado de Derecho en la entidad.<\/p>\n","protected":false},"excerpt":{"rendered":"<p>&nbsp; &nbsp; Con el prop\u00f3sito de fortalecer las capacidades institucionales y consolidar una actuaci\u00f3n p\u00fablica&#8230;<\/p>\n","protected":false},"author":2,"featured_media":33938,"comment_status":"closed","ping_status":"closed","sticky":false,"template":"","format":"standard","meta":{"_joinchat":[],"footnotes":""},"categories":[18,1,2,3],"tags":[],"class_list":["post-33937","post","type-post","status-publish","format-standard","has-post-thumbnail","hentry","category-almomento","category-boletin","category-estado","category-health"],"_links":{"self":[{"href":"https:\/\/icoinformativo.mx\/home\/index.php?rest_route=\/wp\/v2\/posts\/33937","targetHints":{"allow":["GET"]}}],"collection":[{"href":"https:\/\/icoinformativo.mx\/home\/index.php?rest_route=\/wp\/v2\/posts"}],"about":[{"href":"https:\/\/icoinformativo.mx\/home\/index.php?rest_route=\/wp\/v2\/types\/post"}],"author":[{"embeddable":true,"href":"https:\/\/icoinformativo.mx\/home\/index.php?rest_route=\/wp\/v2\/users\/2"}],"replies":[{"embeddable":true,"href":"https:\/\/icoinformativo.mx\/home\/index.php?rest_route=%2Fwp%2Fv2%2Fcomments&post=33937"}],"version-history":[{"count":1,"href":"https:\/\/icoinformativo.mx\/home\/index.php?rest_route=\/wp\/v2\/posts\/33937\/revisions"}],"predecessor-version":[{"id":33939,"href":"https:\/\/icoinformativo.mx\/home\/index.php?rest_route=\/wp\/v2\/posts\/33937\/revisions\/33939"}],"wp:featuredmedia":[{"embeddable":true,"href":"https:\/\/icoinformativo.mx\/home\/index.php?rest_route=\/wp\/v2\/media\/33938"}],"wp:attachment":[{"href":"https:\/\/icoinformativo.mx\/home\/index.php?rest_route=%2Fwp%2Fv2%2Fmedia&parent=33937"}],"wp:term":[{"taxonomy":"category","embeddable":true,"href":"https:\/\/icoinformativo.mx\/home\/index.php?rest_route=%2Fwp%2Fv2%2Fcategories&post=33937"},{"taxonomy":"post_tag","embeddable":true,"href":"https:\/\/icoinformativo.mx\/home\/index.php?rest_route=%2Fwp%2Fv2%2Ftags&post=33937"}],"curies":[{"name":"wp","href":"https:\/\/api.w.org\/{rel}","templated":true}]}}