{"id":33921,"date":"2026-01-17T03:02:46","date_gmt":"2026-01-17T03:02:46","guid":{"rendered":"https:\/\/icoinformativo.mx\/home\/?p=33921"},"modified":"2026-01-17T03:02:46","modified_gmt":"2026-01-17T03:02:46","slug":"reconoce-gobierno-de-chiapas-la-produccion-maicera-de-la-frailesca","status":"publish","type":"post","link":"https:\/\/icoinformativo.mx\/home\/?p=33921","title":{"rendered":"Reconoce Gobierno de Chiapas la producci\u00f3n maicera de la Frailesca"},"content":{"rendered":"<p>&nbsp;<\/p>\n<p>&nbsp;<\/p>\n<p>Villaflores, Chiapas.- El secretario del Campo, Marco Antonio Barba Arrocha, reconoci\u00f3 la productividad maicera de la regi\u00f3n Frailesca y refrend\u00f3 el respaldo del gobernador Eduardo Ram\u00edrez Aguilar a las familias agricultoras.<\/p>\n<p>&nbsp;<\/p>\n<p>En presencia de la presidenta municipal de Villaflores, Valeria Rosales Sarmiento, y productores del ciclo Primavera Verano 2025, Barba Arrocha destac\u00f3 que este municipio es el coraz\u00f3n maicero de Chiapas y un referente estatal por volumen, calidad y disciplina agr\u00edcola.<\/p>\n<p>&nbsp;<\/p>\n<p>Record\u00f3 que el gobierno estatal otorg\u00f3 en 2025 un apoyo de mil pesos por tonelada de ma\u00edz, incentivo pagado en su totalidad y que continuar\u00e1 como pol\u00edtica de continuidad para fortalecer a quienes siembran y cosechan.<\/p>\n<p>&nbsp;<\/p>\n<p>El funcionario invit\u00f3 a productores a mantener la ruta de trabajo, al se\u00f1alar que en 2026 el campo ocupar\u00e1 el centro de las pol\u00edticas p\u00fablicas, con proyectos destinados a mejorar ingresos, tecnificar unidades y consolidar la producci\u00f3n agr\u00edcola y ganadera.<\/p>\n<p>&nbsp;<\/p>\n<p>Durante el acto se premiaron a los destacados maiceros del ciclo: tercer lugar, Ignacio Narc\u00eda Hern\u00e1ndez, del ejido Jes\u00fas M. Garza; segundo lugar, Nelson L\u00f3pez Vera, del ejido Nuevo M\u00e9xico; y primer lugar, Rodolfo Mart\u00ednez L\u00f3pez, del ejido 16 de Septiembre.<\/p>\n<p>&nbsp;<\/p>\n<p>Barba Arrocha, qui\u00e9n estuvo acompa\u00f1ado de C\u00e9sar Antonio N\u00e1jera Tovar, director de Fomento Agroalimentario y Desarrollo Agr\u00edcola, y del director de Mejoramiento Gen\u00e9tico Pecuario de la Secretar\u00eda del Campo, Juan Gabriel Trinidad Manzo, felicit\u00f3 a los ganadores, y reconoci\u00f3 a todas las familias que sostienen la producci\u00f3n de alimentos, al afirmar que el campo garantiza vida y paz social. Concluy\u00f3 se\u00f1alando que el gobierno ser\u00e1 aliado permanente de quienes trabajan la tierra.<\/p>\n","protected":false},"excerpt":{"rendered":"<p>&nbsp; &nbsp; Villaflores, Chiapas.- El secretario del Campo, Marco Antonio Barba Arrocha, reconoci\u00f3 la productividad&#8230;<\/p>\n","protected":false},"author":2,"featured_media":33922,"comment_status":"closed","ping_status":"closed","sticky":false,"template":"","format":"standard","meta":{"_joinchat":[],"footnotes":""},"categories":[18,1,2,3],"tags":[],"class_list":["post-33921","post","type-post","status-publish","format-standard","has-post-thumbnail","hentry","category-almomento","category-boletin","category-estado","category-health"],"_links":{"self":[{"href":"https:\/\/icoinformativo.mx\/home\/index.php?rest_route=\/wp\/v2\/posts\/33921","targetHints":{"allow":["GET"]}}],"collection":[{"href":"https:\/\/icoinformativo.mx\/home\/index.php?rest_route=\/wp\/v2\/posts"}],"about":[{"href":"https:\/\/icoinformativo.mx\/home\/index.php?rest_route=\/wp\/v2\/types\/post"}],"author":[{"embeddable":true,"href":"https:\/\/icoinformativo.mx\/home\/index.php?rest_route=\/wp\/v2\/users\/2"}],"replies":[{"embeddable":true,"href":"https:\/\/icoinformativo.mx\/home\/index.php?rest_route=%2Fwp%2Fv2%2Fcomments&post=33921"}],"version-history":[{"count":1,"href":"https:\/\/icoinformativo.mx\/home\/index.php?rest_route=\/wp\/v2\/posts\/33921\/revisions"}],"predecessor-version":[{"id":33923,"href":"https:\/\/icoinformativo.mx\/home\/index.php?rest_route=\/wp\/v2\/posts\/33921\/revisions\/33923"}],"wp:featuredmedia":[{"embeddable":true,"href":"https:\/\/icoinformativo.mx\/home\/index.php?rest_route=\/wp\/v2\/media\/33922"}],"wp:attachment":[{"href":"https:\/\/icoinformativo.mx\/home\/index.php?rest_route=%2Fwp%2Fv2%2Fmedia&parent=33921"}],"wp:term":[{"taxonomy":"category","embeddable":true,"href":"https:\/\/icoinformativo.mx\/home\/index.php?rest_route=%2Fwp%2Fv2%2Fcategories&post=33921"},{"taxonomy":"post_tag","embeddable":true,"href":"https:\/\/icoinformativo.mx\/home\/index.php?rest_route=%2Fwp%2Fv2%2Ftags&post=33921"}],"curies":[{"name":"wp","href":"https:\/\/api.w.org\/{rel}","templated":true}]}}