{"id":33918,"date":"2026-01-17T02:59:22","date_gmt":"2026-01-17T02:59:22","guid":{"rendered":"https:\/\/icoinformativo.mx\/home\/?p=33918"},"modified":"2026-01-17T02:59:22","modified_gmt":"2026-01-17T02:59:22","slug":"fortalece-ssp-coordinacion-y-lealtad-con-la-secretaria-de-marina","status":"publish","type":"post","link":"https:\/\/icoinformativo.mx\/home\/?p=33918","title":{"rendered":"Fortalece SSP coordinaci\u00f3n y lealtad con la Secretar\u00eda de Marina"},"content":{"rendered":"<p>&nbsp;<\/p>\n<p>Tapachula, Chiapas; 16 de enero de 2026.- El secretario de Seguridad del Pueblo, \u00d3scar Alberto Aparicio Avenda\u00f1o, particip\u00f3 en los actos protocolarios realizados con motivo de la entrega recepci\u00f3n de mando de armas de la XXII Zona Naval, donde el Vicealmirante Miguel \u00c1ngel N\u00fa\u00f1ez de la Huerta, asumi\u00f3 como Comandante de la XXII Zona Naval, reafirmando la unidad, el respeto y la confianza entre las instituciones de seguridad.<\/p>\n<p>&nbsp;<\/p>\n<p>Durante la ceremonia de Vino de Honor, el titular de la Secretar\u00eda de Seguridad del Pueblo (SSP) hizo entrega de un presente en nombre del gobernador del estado, Eduardo Ram\u00edrez Aguilar, como muestra de bienvenida y respaldo institucional al Vicealmirante en su nueva encomienda al frente de la XXII Zona Naval, en beneficio de la seguridad del pueblo chiapaneco.<\/p>\n<p>&nbsp;<\/p>\n<p>En el acto se destac\u00f3 la relevancia de la disciplina, la lealtad y el trabajo coordinado entre las instituciones encargadas de la seguridad y la defensa del pa\u00eds, en apego a las directrices de la presidenta de M\u00e9xico, Claudia Sheinbaum Pardo; de la mano del secretario de Seguridad y Protecci\u00f3n Ciudadana, Omar Garc\u00eda Harfuch, y del gobernador del estado, Eduardo Ram\u00edrez Aguilar.<\/p>\n<p>&nbsp;<\/p>\n<p>La SSP refrenda su compromiso de mantener una coordinaci\u00f3n permanente con la Secretar\u00eda de Marina, sumando esfuerzos para fortalecer la seguridad, la paz y el bienestar de Chiapas, avanzando de manera firme en la construcci\u00f3n de un estado seguro, en el marco de la Nueva ERA.<\/p>\n","protected":false},"excerpt":{"rendered":"<p>&nbsp; Tapachula, Chiapas; 16 de enero de 2026.- El secretario de Seguridad del Pueblo, \u00d3scar&#8230;<\/p>\n","protected":false},"author":2,"featured_media":33919,"comment_status":"closed","ping_status":"closed","sticky":false,"template":"","format":"standard","meta":{"_joinchat":[],"footnotes":""},"categories":[18,1,2,3],"tags":[],"class_list":["post-33918","post","type-post","status-publish","format-standard","has-post-thumbnail","hentry","category-almomento","category-boletin","category-estado","category-health"],"_links":{"self":[{"href":"https:\/\/icoinformativo.mx\/home\/index.php?rest_route=\/wp\/v2\/posts\/33918","targetHints":{"allow":["GET"]}}],"collection":[{"href":"https:\/\/icoinformativo.mx\/home\/index.php?rest_route=\/wp\/v2\/posts"}],"about":[{"href":"https:\/\/icoinformativo.mx\/home\/index.php?rest_route=\/wp\/v2\/types\/post"}],"author":[{"embeddable":true,"href":"https:\/\/icoinformativo.mx\/home\/index.php?rest_route=\/wp\/v2\/users\/2"}],"replies":[{"embeddable":true,"href":"https:\/\/icoinformativo.mx\/home\/index.php?rest_route=%2Fwp%2Fv2%2Fcomments&post=33918"}],"version-history":[{"count":1,"href":"https:\/\/icoinformativo.mx\/home\/index.php?rest_route=\/wp\/v2\/posts\/33918\/revisions"}],"predecessor-version":[{"id":33920,"href":"https:\/\/icoinformativo.mx\/home\/index.php?rest_route=\/wp\/v2\/posts\/33918\/revisions\/33920"}],"wp:featuredmedia":[{"embeddable":true,"href":"https:\/\/icoinformativo.mx\/home\/index.php?rest_route=\/wp\/v2\/media\/33919"}],"wp:attachment":[{"href":"https:\/\/icoinformativo.mx\/home\/index.php?rest_route=%2Fwp%2Fv2%2Fmedia&parent=33918"}],"wp:term":[{"taxonomy":"category","embeddable":true,"href":"https:\/\/icoinformativo.mx\/home\/index.php?rest_route=%2Fwp%2Fv2%2Fcategories&post=33918"},{"taxonomy":"post_tag","embeddable":true,"href":"https:\/\/icoinformativo.mx\/home\/index.php?rest_route=%2Fwp%2Fv2%2Ftags&post=33918"}],"curies":[{"name":"wp","href":"https:\/\/api.w.org\/{rel}","templated":true}]}}