{"id":33912,"date":"2026-01-17T02:49:03","date_gmt":"2026-01-17T02:49:03","guid":{"rendered":"https:\/\/icoinformativo.mx\/home\/?p=33912"},"modified":"2026-01-17T02:49:03","modified_gmt":"2026-01-17T02:49:03","slug":"comite-tecnico-de-alfabetizacion-refrenda-compromiso-y-presenta-estrategia-estatal-de-seguimiento","status":"publish","type":"post","link":"https:\/\/icoinformativo.mx\/home\/?p=33912","title":{"rendered":"Comit\u00e9 T\u00e9cnico de Alfabetizaci\u00f3n refrenda compromiso y presenta estrategia estatal de seguimiento"},"content":{"rendered":"<p>&nbsp;<\/p>\n<p>&nbsp;<\/p>\n<p>El secretario de Educaci\u00f3n celebr\u00f3 los avances alcanzados durante el primer a\u00f1o de trabajo e hizo un llamado a refrendar el compromiso con la meta m\u00e1s humanista del sexenio<\/p>\n<p>&nbsp;<\/p>\n<p>\u201cEl trabajo debe iniciar de inmediato; es necesario fortalecer nuestros liderazgos, mantener los mecanismos de supervisi\u00f3n y brindar certeza a cada uno de los procesos. La instrucci\u00f3n es clara: una vez consolidada la alfabetizaci\u00f3n, debemos avanzar de manera ordenada hacia la educaci\u00f3n primaria y secundaria, tal como lo ha instruido el gobernador Eduardo Ram\u00edrez Aguilar\u201d, expuso Roger Mandujano Ayala, secretario de Educaci\u00f3n, en el marco de la primera reuni\u00f3n del a\u00f1o del Comit\u00e9 T\u00e9cnico de Alfabetizaci\u00f3n del Programa Estatal Chiapas Puede.<\/p>\n<p>&nbsp;<\/p>\n<p>El Comit\u00e9 T\u00e9cnico, coordinado por la Secretar\u00eda de Educaci\u00f3n (SE), refrend\u00f3 su compromiso de fortalecer las acciones orientadas a la erradicaci\u00f3n del analfabetismo y de garantizar la continuidad educativa de las personas alfabetizadas hacia los niveles de educaci\u00f3n primaria y secundaria, como parte de una pol\u00edtica integral de justicia social.<\/p>\n<p>&nbsp;<\/p>\n<p>Durante su intervenci\u00f3n, el titular de Educaci\u00f3n dio a conocer los resultados obtenidos en el combate al analfabetismo durante el a\u00f1o anterior, destacando la estabilidad del modelo de atenci\u00f3n. Inform\u00f3 que el 97.9 por ciento de las y los asesores inscritos se mantuvieron activos, mientras que el 94.1 por ciento de las personas educandas concluyeron satisfactoriamente su proceso de aprendizaje.<\/p>\n<p>&nbsp;<\/p>\n<p>En el marco de la sesi\u00f3n, se present\u00f3 la estrategia estatal de seguimiento a los c\u00edrculos de estudio, cuyo objetivo es consolidar los aprendizajes y asegurar la permanencia de las y los educandos en los procesos formativos. Dicha estrategia se apoya en el uso del Sistema Integral de Gesti\u00f3n para la Alfabetizaci\u00f3n (SIGA), herramienta tecnol\u00f3gica que permite dar trazabilidad, orden y transparencia a las acciones desarrolladas en territorio.<\/p>\n<p>&nbsp;<\/p>\n<p>Asimismo, las y los titulares de los subsistemas estatales y federales de educaci\u00f3n dieron a conocer sus metas correspondientes al presente a\u00f1o, las cuales quedaron debidamente registradas en el SIGA, con el prop\u00f3sito de fortalecer la coordinaci\u00f3n interinstitucional y avanzar de manera eficiente en la reducci\u00f3n del rezago educativo.<\/p>\n<p>&nbsp;<\/p>\n<p>Flor Marina Berm\u00fadez, coordinadora de Proyectos Estrat\u00e9gicos para la Alfabetizaci\u00f3n, explic\u00f3 que la estrategia estatal se estructura en dos vertientes fundamentales: el fortalecimiento de la efectividad en territorio y la disminuci\u00f3n sostenida del indicador estatal de analfabetismo.<\/p>\n<p>&nbsp;<\/p>\n<p>Berm\u00fadez a\u00f1adi\u00f3 que, como resultado del trabajo coordinado del Comit\u00e9 T\u00e9cnico, se prev\u00e9 que 44 municipios logren alzar bandera blanca durante los meses de mayo y junio, como reflejo de la efectividad del proceso de alfabetizaci\u00f3n. De manera paralela, en 50 municipios se contempla la atenci\u00f3n de m\u00e1s de 60 mil educandos, con el objetivo de incidir de forma directa en la reducci\u00f3n del indicador estatal.<\/p>\n<p>&nbsp;<\/p>\n<p>Por su parte, Cecilia S\u00e1nchez Galindo, en representaci\u00f3n del Instituto Chiapaneco para la Educaci\u00f3n de J\u00f3venes y Adultos (Icheja), inform\u00f3 que se tiene proyectada la atenci\u00f3n de m\u00e1s de 75 mil personas, incluyendo a quienes continuar\u00e1n su trayectoria educativa en los niveles de primaria y secundaria.<\/p>\n<p>&nbsp;<\/p>\n<p>Finalmente, el secretario de Educaci\u00f3n, Roger Mandujano Ayala, subray\u00f3 que Chiapas cuenta con experiencia, capacidad t\u00e9cnica y un modelo probado para avanzar de manera sostenida en la alfabetizaci\u00f3n, por lo que reiter\u00f3 el llamado a redoblar esfuerzos y mantener la coordinaci\u00f3n interinstitucional para garantizar el derecho a la educaci\u00f3n de todas y todos.<\/p>\n","protected":false},"excerpt":{"rendered":"<p>&nbsp; &nbsp; El secretario de Educaci\u00f3n celebr\u00f3 los avances alcanzados durante el primer a\u00f1o de&#8230;<\/p>\n","protected":false},"author":2,"featured_media":33913,"comment_status":"closed","ping_status":"closed","sticky":false,"template":"","format":"standard","meta":{"_joinchat":[],"footnotes":""},"categories":[18,1,2,3],"tags":[],"class_list":["post-33912","post","type-post","status-publish","format-standard","has-post-thumbnail","hentry","category-almomento","category-boletin","category-estado","category-health"],"_links":{"self":[{"href":"https:\/\/icoinformativo.mx\/home\/index.php?rest_route=\/wp\/v2\/posts\/33912","targetHints":{"allow":["GET"]}}],"collection":[{"href":"https:\/\/icoinformativo.mx\/home\/index.php?rest_route=\/wp\/v2\/posts"}],"about":[{"href":"https:\/\/icoinformativo.mx\/home\/index.php?rest_route=\/wp\/v2\/types\/post"}],"author":[{"embeddable":true,"href":"https:\/\/icoinformativo.mx\/home\/index.php?rest_route=\/wp\/v2\/users\/2"}],"replies":[{"embeddable":true,"href":"https:\/\/icoinformativo.mx\/home\/index.php?rest_route=%2Fwp%2Fv2%2Fcomments&post=33912"}],"version-history":[{"count":1,"href":"https:\/\/icoinformativo.mx\/home\/index.php?rest_route=\/wp\/v2\/posts\/33912\/revisions"}],"predecessor-version":[{"id":33914,"href":"https:\/\/icoinformativo.mx\/home\/index.php?rest_route=\/wp\/v2\/posts\/33912\/revisions\/33914"}],"wp:featuredmedia":[{"embeddable":true,"href":"https:\/\/icoinformativo.mx\/home\/index.php?rest_route=\/wp\/v2\/media\/33913"}],"wp:attachment":[{"href":"https:\/\/icoinformativo.mx\/home\/index.php?rest_route=%2Fwp%2Fv2%2Fmedia&parent=33912"}],"wp:term":[{"taxonomy":"category","embeddable":true,"href":"https:\/\/icoinformativo.mx\/home\/index.php?rest_route=%2Fwp%2Fv2%2Fcategories&post=33912"},{"taxonomy":"post_tag","embeddable":true,"href":"https:\/\/icoinformativo.mx\/home\/index.php?rest_route=%2Fwp%2Fv2%2Ftags&post=33912"}],"curies":[{"name":"wp","href":"https:\/\/api.w.org\/{rel}","templated":true}]}}