{"id":33856,"date":"2025-12-19T03:00:56","date_gmt":"2025-12-19T03:00:56","guid":{"rendered":"https:\/\/icoinformativo.mx\/home\/?p=33856"},"modified":"2025-12-19T03:00:56","modified_gmt":"2025-12-19T03:00:56","slug":"secretaria-de-la-frontera-sur-y-cecytech-firman-convenio-para-fortalecer-la-educacion-tecnologica-y-el-desarrollo-productivo","status":"publish","type":"post","link":"https:\/\/icoinformativo.mx\/home\/?p=33856","title":{"rendered":"Secretar\u00eda de la Frontera Sur y Cecytech firman convenio para fortalecer la educaci\u00f3n tecnol\u00f3gica y el desarrollo productivo"},"content":{"rendered":"<p>&nbsp;<\/p>\n<p>Tuxtla Guti\u00e9rrez, Chiapas; 18 de diciembre de 2025.- La Secretar\u00eda de la Frontera Sur del Gobierno del Estado y el Colegio de Estudios Cient\u00edficos y Tecnol\u00f3gicos del Estado de Chiapas (Cecytech) firmaron un convenio de colaboraci\u00f3n para fortalecer la educaci\u00f3n media superior tecnol\u00f3gica, impulsar la empleabilidad juvenil y consolidar la vinculaci\u00f3n entre el sector educativo y el sector productivo, en beneficio del desarrollo de la Frontera Sur.<\/p>\n<p>&nbsp;<\/p>\n<p>El convenio, coordinado a trav\u00e9s de la Subsecretar\u00eda de Seguimiento y Desarrollo Socioecon\u00f3mico, a cargo de Carlos Andr\u00e9s Siles Torres, permitir\u00e1 desarrollar acciones conjuntas en servicio social, pr\u00e1cticas profesionales y educaci\u00f3n dual, as\u00ed como en capacitaci\u00f3n, investigaci\u00f3n aplicada, transferencia de tecnolog\u00eda e impulso al emprendimiento, con \u00e9nfasis en el fortalecimiento de las Micro, Peque\u00f1as y Medianas Empresas (Mipymes) y la atenci\u00f3n a comunidades, especialmente rurales.<\/p>\n<p>&nbsp;<\/p>\n<p>Durante su mensaje, la secretaria de la Frontera Sur, Mar\u00eda Amalia Toriello Elorza, destac\u00f3 que esta alianza contribuye a cerrar la brecha entre la formaci\u00f3n acad\u00e9mica y las necesidades del sector productivo, al tiempo que se alinea con la estrategia de los Polos de Desarrollo para el Bienestar, al formar talento t\u00e9cnico que fortalece las vocaciones productivas regionales y promueve un crecimiento econ\u00f3mico con sentido humano.<\/p>\n<p>&nbsp;<\/p>\n<p>El director general del Cecytech, Luis Guadalupe Morales \u00c1ngeles, subray\u00f3 que este convenio representa una apuesta por la mano de obra calificada de Chiapas y destac\u00f3 que el subsistema cuenta con cobertura en cerca del 70 por ciento de los municipios del estado, lo que permitir\u00e1 ampliar el impacto de estas acciones en el desarrollo tecnol\u00f3gico y econ\u00f3mico de la regi\u00f3n.<\/p>\n<p>&nbsp;<\/p>\n<p>Con esta firma, la Secretar\u00eda de la Frontera Sur y el Cecytech refrendan su compromiso de trabajar de manera coordinada para fortalecer la formaci\u00f3n t\u00e9cnica de las juventudes chiapanecas, promover la vinculaci\u00f3n efectiva con el sector productivo y contribuir al desarrollo econ\u00f3mico y social de la Frontera Sur, en congruencia con las prioridades del Gobierno del Estado y la estrategia de los Polos de Desarrollo para el Bienestar.<\/p>\n","protected":false},"excerpt":{"rendered":"<p>&nbsp; Tuxtla Guti\u00e9rrez, Chiapas; 18 de diciembre de 2025.- La Secretar\u00eda de la Frontera Sur&#8230;<\/p>\n","protected":false},"author":2,"featured_media":33857,"comment_status":"closed","ping_status":"closed","sticky":false,"template":"","format":"standard","meta":{"_joinchat":[],"footnotes":""},"categories":[18,1,2,3],"tags":[],"class_list":["post-33856","post","type-post","status-publish","format-standard","has-post-thumbnail","hentry","category-almomento","category-boletin","category-estado","category-health"],"_links":{"self":[{"href":"https:\/\/icoinformativo.mx\/home\/index.php?rest_route=\/wp\/v2\/posts\/33856","targetHints":{"allow":["GET"]}}],"collection":[{"href":"https:\/\/icoinformativo.mx\/home\/index.php?rest_route=\/wp\/v2\/posts"}],"about":[{"href":"https:\/\/icoinformativo.mx\/home\/index.php?rest_route=\/wp\/v2\/types\/post"}],"author":[{"embeddable":true,"href":"https:\/\/icoinformativo.mx\/home\/index.php?rest_route=\/wp\/v2\/users\/2"}],"replies":[{"embeddable":true,"href":"https:\/\/icoinformativo.mx\/home\/index.php?rest_route=%2Fwp%2Fv2%2Fcomments&post=33856"}],"version-history":[{"count":1,"href":"https:\/\/icoinformativo.mx\/home\/index.php?rest_route=\/wp\/v2\/posts\/33856\/revisions"}],"predecessor-version":[{"id":33858,"href":"https:\/\/icoinformativo.mx\/home\/index.php?rest_route=\/wp\/v2\/posts\/33856\/revisions\/33858"}],"wp:featuredmedia":[{"embeddable":true,"href":"https:\/\/icoinformativo.mx\/home\/index.php?rest_route=\/wp\/v2\/media\/33857"}],"wp:attachment":[{"href":"https:\/\/icoinformativo.mx\/home\/index.php?rest_route=%2Fwp%2Fv2%2Fmedia&parent=33856"}],"wp:term":[{"taxonomy":"category","embeddable":true,"href":"https:\/\/icoinformativo.mx\/home\/index.php?rest_route=%2Fwp%2Fv2%2Fcategories&post=33856"},{"taxonomy":"post_tag","embeddable":true,"href":"https:\/\/icoinformativo.mx\/home\/index.php?rest_route=%2Fwp%2Fv2%2Ftags&post=33856"}],"curies":[{"name":"wp","href":"https:\/\/api.w.org\/{rel}","templated":true}]}}