{"id":33839,"date":"2025-12-18T04:01:33","date_gmt":"2025-12-18T04:01:33","guid":{"rendered":"https:\/\/icoinformativo.mx\/home\/?p=33839"},"modified":"2025-12-18T04:01:33","modified_gmt":"2025-12-18T04:01:33","slug":"tapachula-puede-viridiana-figueroa","status":"publish","type":"post","link":"https:\/\/icoinformativo.mx\/home\/?p=33839","title":{"rendered":"Tapachula Puede: Viridiana Figueroa"},"content":{"rendered":"<p>&nbsp;<\/p>\n<p>En gira de trabajo por Tapachula, junto al secretario de Educaci\u00f3n, Roger Mandujano Ayala, la directora general del Cobach, Viridiana Figueroa Garc\u00eda, refuerza su compromiso con la alfabetizaci\u00f3n, la educaci\u00f3n y la ampliaci\u00f3n de las oportunidades de aprendizaje en la entidad<\/p>\n<p>&nbsp;<\/p>\n<p>Tapachula, Chiapas; 17 de diciembre 2025.\u2013 Con el firme compromiso de fortalecer la educaci\u00f3n y ampliar las oportunidades de aprendizaje en la entidad, la directora general del Colegio de Bachilleres de Chiapas (Cobach), Viridiana Figueroa Garc\u00eda, acompa\u00f1\u00f3 al secretario de Educaci\u00f3n, Roger Mandujano Ayala, durante una gira de trabajo en el municipio de Tapachula, iniciando en las instalaciones del plantel 08 Tapachula, donde se inaugur\u00f3 el Encuentro regional sobre autismo: \u201cEstrategias para la atenci\u00f3n de ni\u00f1as, ni\u00f1os y adolescentes con trastorno del espectro autista en entornos escolares\u201d.<\/p>\n<p>&nbsp;<\/p>\n<p>Este foro estuvo dirigido a jefes de sector, supervisores, directivos, personal de apoyo educativo, asesores t\u00e9cnico-pedag\u00f3gicos y docentes de educaci\u00f3n b\u00e1sica de la regi\u00f3n Tapachula y represent\u00f3 una experiencia formativa pr\u00e1ctica, enfocada en el desarrollo de estrategias de fortalecimiento de la capacidad emocional para estudiantes con Trastorno del Espectro Autista (TEA), alineadas al marco del Dise\u00f1o Universal para el Aprendizaje (DUA) 3.0, donde destacan la importancia de la emoci\u00f3n, la predictibilidad y la interacci\u00f3n segura como motores del aprendizaje y la participaci\u00f3n en el aula.<\/p>\n<p>&nbsp;<\/p>\n<p>Este es uno de los compromisos de la Secretar\u00eda de Educaci\u00f3nen las reuniones del Comit\u00e9 Estatal Interinstitucional, considerado dentro de la Ley para la atenci\u00f3n de personas con Trastornos del Espectro Autista para el Estado de Chiapas.<\/p>\n<p>&nbsp;<\/p>\n<p>Adem\u00e1s, asistieron a la entrega de 2 mil 385 Becas \u201cRosario Castellanos\u201d en el domo del parque recreativo Los Cerritos, dirigidas a educandos atendidos por el Sistema Integral de Gesti\u00f3n para la Alfabetizaci\u00f3n (SIGA), de las cuales 350 corresponden a personas que realizan su proceso de aprendizaje a trav\u00e9s del Cobach. Durante el evento, tambi\u00e9n se realiz\u00f3 la entrega simb\u00f3lica de paquetes de libros del programa \u201cLectura que Transforma\u201d.<\/p>\n<p>&nbsp;<\/p>\n<p>Miles de educandos y asesores se dieron cita para recibir este incentivo, cuyo objetivo es impulsar la inscripci\u00f3n al Programa de Alfabetizaci\u00f3n Chiapas Puede, que brinda la oportunidad de aprender a leer y escribir, al tiempo que otorga un apoyo econ\u00f3mico que fortalece la permanencia y conclusi\u00f3n del proceso educativo. Las personas inscritas reciben mil pesos al concluir el primer m\u00f3dulo y tres mil pesos al finalizar los siguientes tres, sumando un total de cuatro mil pesos.<\/p>\n<p>&nbsp;<\/p>\n<p>Al cierre de la gira por Tapachula, la directora general del Cobach recorri\u00f3 las instalaciones de la Estancia Educativa Temporal para Ni\u00f1as y Ni\u00f1os en situaci\u00f3n de Movilidad junto al secretario de Educaci\u00f3n, Roger Mandujano, donde se atienden a aproximadamente 30 menores a quienes se les brinda educaci\u00f3n integral y alimentaci\u00f3n.<\/p>\n<p>Durante la gira, estuvieron acompa\u00f1ados del presidente municipal de Tapachula, Yamil Melgar Bravo; Jorge Luis Villatoro, diputado federal del distrito XIII por Huehuet\u00e1n; Sara Sol\u00eds, presidenta municipal de Mazat\u00e1n; Sixto L\u00f3pez P\u00e9rez, presidente municipal de Huehuet\u00e1n; Ang\u00e9lica Altuzar, directora general de Coneculta y Gabriela Blas Santiago, Delegada Regional del Sistema DIF Chiapas, entre otros.<\/p>\n","protected":false},"excerpt":{"rendered":"<p>&nbsp; En gira de trabajo por Tapachula, junto al secretario de Educaci\u00f3n, Roger Mandujano Ayala,&#8230;<\/p>\n","protected":false},"author":2,"featured_media":33840,"comment_status":"closed","ping_status":"closed","sticky":false,"template":"","format":"standard","meta":{"_joinchat":[],"footnotes":""},"categories":[18,1,2,3],"tags":[],"class_list":["post-33839","post","type-post","status-publish","format-standard","has-post-thumbnail","hentry","category-almomento","category-boletin","category-estado","category-health"],"_links":{"self":[{"href":"https:\/\/icoinformativo.mx\/home\/index.php?rest_route=\/wp\/v2\/posts\/33839","targetHints":{"allow":["GET"]}}],"collection":[{"href":"https:\/\/icoinformativo.mx\/home\/index.php?rest_route=\/wp\/v2\/posts"}],"about":[{"href":"https:\/\/icoinformativo.mx\/home\/index.php?rest_route=\/wp\/v2\/types\/post"}],"author":[{"embeddable":true,"href":"https:\/\/icoinformativo.mx\/home\/index.php?rest_route=\/wp\/v2\/users\/2"}],"replies":[{"embeddable":true,"href":"https:\/\/icoinformativo.mx\/home\/index.php?rest_route=%2Fwp%2Fv2%2Fcomments&post=33839"}],"version-history":[{"count":1,"href":"https:\/\/icoinformativo.mx\/home\/index.php?rest_route=\/wp\/v2\/posts\/33839\/revisions"}],"predecessor-version":[{"id":33841,"href":"https:\/\/icoinformativo.mx\/home\/index.php?rest_route=\/wp\/v2\/posts\/33839\/revisions\/33841"}],"wp:featuredmedia":[{"embeddable":true,"href":"https:\/\/icoinformativo.mx\/home\/index.php?rest_route=\/wp\/v2\/media\/33840"}],"wp:attachment":[{"href":"https:\/\/icoinformativo.mx\/home\/index.php?rest_route=%2Fwp%2Fv2%2Fmedia&parent=33839"}],"wp:term":[{"taxonomy":"category","embeddable":true,"href":"https:\/\/icoinformativo.mx\/home\/index.php?rest_route=%2Fwp%2Fv2%2Fcategories&post=33839"},{"taxonomy":"post_tag","embeddable":true,"href":"https:\/\/icoinformativo.mx\/home\/index.php?rest_route=%2Fwp%2Fv2%2Ftags&post=33839"}],"curies":[{"name":"wp","href":"https:\/\/api.w.org\/{rel}","templated":true}]}}