{"id":33836,"date":"2025-12-18T03:56:32","date_gmt":"2025-12-18T03:56:32","guid":{"rendered":"https:\/\/icoinformativo.mx\/home\/?p=33836"},"modified":"2025-12-18T03:56:32","modified_gmt":"2025-12-18T03:56:32","slug":"iap-chiapas-refrenda-su-compromiso-con-la-calidad-y-eficiencia-de-la-gestion-municipal-entrego-13-reconocimientos-a-municipios-del-programa-cero-observaciones","status":"publish","type":"post","link":"https:\/\/icoinformativo.mx\/home\/?p=33836","title":{"rendered":"IAP Chiapas refrenda su compromiso con la calidad y eficiencia de la gesti\u00f3n municipal, entreg\u00f3 13 reconocimientos a municipios del programa \u201cCero Observaciones\u201d"},"content":{"rendered":"<p>&nbsp;<\/p>\n<p>La entrega de reconocimientos fue encabezada por Lysette Raquel Lameiro Camacho, presidenta del Instituto de Administraci\u00f3n P\u00fablica del Estado de Chiapas (IAP), acompa\u00f1ada de Jorge Enrique Hern\u00e1ndez Bielma, subsecretario de Gobierno de la Secretar\u00eda General de Gobierno y Mediaci\u00f3n, en representaci\u00f3n del gobernador del estado, Eduardo Ram\u00edrez Aguilar, y directivos del Instituto<\/p>\n<p>IAP otorg\u00f3 reconocimientos a los municipios de Arriaga, Berrioz\u00e1bal, Chil\u00f3n, Comit\u00e1n de Dom\u00ednguez, Escuintla, Huehuet\u00e1n, La Independencia, Ocosingo, Solosuchiapa, Tonal\u00e1, Tuzant\u00e1n, Villa Comaltitl\u00e1n y Tecpat\u00e1n<\/p>\n<p>Tuxtla Guti\u00e9rrez, Chiapas; mi\u00e9rcoles 17 de diciembre de 2025.- La presidenta y rectora del Instituto de Administraci\u00f3n P\u00fablica del Estado de Chiapas (IAP Chiapas), acompa\u00f1ada de Jorge Enrique Hern\u00e1ndez Bielma, subsecretario de Gobierno de la Secretar\u00eda General de Gobierno y Mediaci\u00f3n (SGGyM), en representaci\u00f3n del Gobernador del Estado, Eduardo Ram\u00edrez Aguilar, as\u00ed como de directivos del Instituto, encabezaron la entrega de 13 reconocimientos a municipios participantes en el programa \u201cCero Observaciones\u201d, a la calidad y eficiencia municipal.<\/p>\n<p>En su mensaje de bienvenida, la presidenta del IAP Chiapas dijo que los municipios que reciben reconocimientos por su participaci\u00f3n y fortalecimiento de capacidades dentro del programa \u201cCero Observaciones\u201d son: Arriaga, Alejandro Aquiles Patrinos Fern\u00e1ndez; Berrioz\u00e1bal, Jorge Arturo Acero G\u00f3mez; Chil\u00f3n, Mario Hern\u00e1ndez Aguilar; Comit\u00e1n de Dom\u00ednguez, Mario Antonio Guillen Dom\u00ednguez; Escuintla, Carlos Gonz\u00e1lez Moreno; Huehuet\u00e1n, Sixto L\u00f3pez P\u00e9rez; La Independencia, Jhony Sebasti\u00e1n L\u00f3pez; Ocosingo, Manuela Ang\u00e9lica M\u00e9ndez Cruz; Solosuchiapa, Fernando Aparicio G\u00f3mez; Tonal\u00e1, Manuel de Jes\u00fas Narc\u00eda Couti\u00f1o; Tuzant\u00e1n, Grissel V\u00e1zquez Zambrano; Villa Comaltitl\u00e1n, Gerardo P\u00e9rez G\u00f3mez; y Tecpat\u00e1n, Cesar Edgar Mar\u00edn G\u00f3mez.<\/p>\n<p>Asimismo, destac\u00f3 que la profesionalizaci\u00f3n tambi\u00e9n es un acto de dignidad. Es reconocer que nuestros servidores del pueblo merecen crecer, aprender y desarrollarse. Es enviar un mensaje claro: el m\u00e9rito, el conocimiento y el compromiso si importan.<\/p>\n<p>Gobernar no es \u00fanicamente administrar recursos o ejecutar obras; gobernar es construir capacidades, es fortalecer instituciones y, sobre todo, es creer en nuestra gente. Cada funcionario municipal, desde el nivel operativo hasta el directivo, representa el rostro m\u00e1s cercano del gobierno ante la ciudadan\u00eda. Su preparaci\u00f3n, \u00e9tica y compromiso determinan la calidad del servicio p\u00fablico que ofrecemos.<\/p>\n<p>Por su parte, Jorge Enrique Hern\u00e1ndez Bielma, subsecretario de Gobierno de la SGGyM, resalt\u00f3 la importancia de impulsar acciones que fortalezcan la gobernanza local y reiter\u00f3 el respaldo del gobierno del estado a los municipios que trabajan con orden, legalidad y visi\u00f3n de servicio a la ciudadan\u00eda. Adem\u00e1s, hizo un llamado a las y los presidentes municipales del estado, a sumarse a la capacitaci\u00f3n para que con esta acci\u00f3n cumplan con el programa \u201cCero Observaciones\u201d.<\/p>\n<p>Finalmente, reconoci\u00f3 al IAP Chiapas por promover iniciativas que elevan la calidad del desempe\u00f1o municipal en beneficio del desarrollo del estado.<\/p>\n","protected":false},"excerpt":{"rendered":"<p>&nbsp; La entrega de reconocimientos fue encabezada por Lysette Raquel Lameiro Camacho, presidenta del Instituto&#8230;<\/p>\n","protected":false},"author":2,"featured_media":33837,"comment_status":"closed","ping_status":"closed","sticky":false,"template":"","format":"standard","meta":{"_joinchat":[],"footnotes":""},"categories":[1],"tags":[],"class_list":["post-33836","post","type-post","status-publish","format-standard","has-post-thumbnail","hentry","category-boletin"],"_links":{"self":[{"href":"https:\/\/icoinformativo.mx\/home\/index.php?rest_route=\/wp\/v2\/posts\/33836","targetHints":{"allow":["GET"]}}],"collection":[{"href":"https:\/\/icoinformativo.mx\/home\/index.php?rest_route=\/wp\/v2\/posts"}],"about":[{"href":"https:\/\/icoinformativo.mx\/home\/index.php?rest_route=\/wp\/v2\/types\/post"}],"author":[{"embeddable":true,"href":"https:\/\/icoinformativo.mx\/home\/index.php?rest_route=\/wp\/v2\/users\/2"}],"replies":[{"embeddable":true,"href":"https:\/\/icoinformativo.mx\/home\/index.php?rest_route=%2Fwp%2Fv2%2Fcomments&post=33836"}],"version-history":[{"count":1,"href":"https:\/\/icoinformativo.mx\/home\/index.php?rest_route=\/wp\/v2\/posts\/33836\/revisions"}],"predecessor-version":[{"id":33838,"href":"https:\/\/icoinformativo.mx\/home\/index.php?rest_route=\/wp\/v2\/posts\/33836\/revisions\/33838"}],"wp:featuredmedia":[{"embeddable":true,"href":"https:\/\/icoinformativo.mx\/home\/index.php?rest_route=\/wp\/v2\/media\/33837"}],"wp:attachment":[{"href":"https:\/\/icoinformativo.mx\/home\/index.php?rest_route=%2Fwp%2Fv2%2Fmedia&parent=33836"}],"wp:term":[{"taxonomy":"category","embeddable":true,"href":"https:\/\/icoinformativo.mx\/home\/index.php?rest_route=%2Fwp%2Fv2%2Fcategories&post=33836"},{"taxonomy":"post_tag","embeddable":true,"href":"https:\/\/icoinformativo.mx\/home\/index.php?rest_route=%2Fwp%2Fv2%2Ftags&post=33836"}],"curies":[{"name":"wp","href":"https:\/\/api.w.org\/{rel}","templated":true}]}}