{"id":33808,"date":"2025-12-16T03:57:39","date_gmt":"2025-12-16T03:57:39","guid":{"rendered":"https:\/\/icoinformativo.mx\/home\/?p=33808"},"modified":"2025-12-16T03:57:39","modified_gmt":"2025-12-16T03:57:39","slug":"secretaria-de-proteccion-civil-previene-y-logra-reduccion-historica-de-incendios-en-chiapas","status":"publish","type":"post","link":"https:\/\/icoinformativo.mx\/home\/?p=33808","title":{"rendered":"Secretar\u00eda de Protecci\u00f3n Civil previene y logra reducci\u00f3n hist\u00f3rica de incendios en Chiapas"},"content":{"rendered":"<p>&nbsp;<\/p>\n<p>&nbsp;<\/p>\n<p>Tuxtla Guti\u00e9rrez, Chiapas; 15 de diciembre de 2025.- El secretario de Protecci\u00f3n Civil del estado, Mauricio Cordero Rodr\u00edguez, compareci\u00f3 ante la Comisi\u00f3n de Protecci\u00f3n Civil de la LXIX Legislatura del Congreso del Estado, donde present\u00f3 los resultados del primer a\u00f1o de gesti\u00f3n, destacando el posicionamiento de la prevenci\u00f3n como un eje transversal de la pol\u00edtica p\u00fablica estatal.<\/p>\n<p>&nbsp;<\/p>\n<p>Cordero Rodr\u00edguez se\u00f1al\u00f3 que por instrucci\u00f3n del gobernador Eduardo Ram\u00edrez Aguilar, el trabajo se ha centrado en entender que la prevenci\u00f3n no es un discurso aspiracional sino una pr\u00e1ctica constante, evaluable y medible que debe permear a todos los sectores.<\/p>\n<p>&nbsp;<\/p>\n<p>Reducci\u00f3n hist\u00f3rica en incendios forestales<\/p>\n<p>&nbsp;<\/p>\n<p>Uno de los resultados m\u00e1s notables fue la dr\u00e1stica disminuci\u00f3n en la afectaci\u00f3n por incendios forestales, gracias a la implementaci\u00f3n de la Estrategia Estatal para la Prevenci\u00f3n y Combate de Incendios 2025 y el Programa de Manejo del Fuego:<\/p>\n<p>&nbsp;<\/p>\n<p>Chiapas pas\u00f3 del 2\u00ba al 12\u00ba lugar nacional en incidencia de incendios.<\/p>\n<p>Se logr\u00f3 una disminuci\u00f3n de cerca del 80% en la superficie afectada, pasando de 185 mil hect\u00e1reas en 2024 a casi 39 mil hect\u00e1reas en 2025.<\/p>\n<p>Se instalaron 16 Centros Regionales de Protecci\u00f3n Civil y Manejo del Fuego para fortalecer la coordinaci\u00f3n en zonas de alto riesgo.<\/p>\n<p>&nbsp;<\/p>\n<p>Por instrucciones del gobernador, desde el mes de noviembre de este a\u00f1o se ha comenzado con acciones de prevenci\u00f3n y combate para el pr\u00f3ximo a\u00f1o en los 15 municipios con mayor incidencia.<\/p>\n<p>&nbsp;<\/p>\n<p>Nueva Ley para la Gesti\u00f3n Integral de Riesgo de Desastres y Protecci\u00f3n Civil<\/p>\n<p>&nbsp;<\/p>\n<p>En noviembre se aprob\u00f3 la nueva Ley para la Gesti\u00f3n Integral del Riesgo de Desastres y Protecci\u00f3n Civil del Estado de Chiapas, misma que moderniza y fortalece la coordinaci\u00f3n institucional adem\u00e1s consolida un modelo humanista y preventivo en beneficio de todas y todos los chiapanecos.<\/p>\n<p>&nbsp;<\/p>\n<p>Profesionalizaci\u00f3n y fortalecimiento operativo<\/p>\n<p>&nbsp;<\/p>\n<p>Se increment\u00f3 el parque vehicular con 10 param\u00e9dicos motorizados de primer contacto y cuatro ambulancias totalmente equipadas. Esta acci\u00f3n permiti\u00f3 una mejora sustancial en la capacidad de respuesta, reflejada en un aumento del 117 % en los servicios prestados, al pasar de 6 mil 340 atenciones en 2024 a 13 mil 775 en 2025.<\/p>\n<p>&nbsp;<\/p>\n<p>De igual manera, se increment\u00f3 la atenci\u00f3n prehospitalaria en la regi\u00f3n Metropolitana, con especial \u00e9nfasis en Tuxtla Guti\u00e9rrez, logrando un aumento del 260 % en los servicios prestados, al pasar de 289 atenciones en 2024 a mil 43 en 2025.<\/p>\n<p>&nbsp;<\/p>\n<p>Para el fortalecimiento de estas acciones se adquirieron dos razzer, cinco drones acu\u00e1ticos, un dron a\u00e9reo, 10 motocicletas, dos pipas nuevas, maquinaria pesada como retroexcavadora, excavadora 320, montacarga y minicargador, as\u00ed como equipo de rapel para labores de rescate.<\/p>\n<p>&nbsp;<\/p>\n<p>Se han realizado 190 traslados m\u00e9dicos, 383 operaciones de seguridad y 275 operaciones de Protecci\u00f3n Civil, haciendo un total de 821 servicios.<\/p>\n<p>&nbsp;<\/p>\n<p>Para el Programa de Lluvias y Ciclones Tropicales se realizaron 3 mil 841 acciones de prevenci\u00f3n f\u00edsica (limpieza de afluentes y alcantarillas) y se instalaron 199 se\u00f1alamientos pluviales preventivos con la campa\u00f1a \u201cNo le juegues, mejor no cruces\u201d. Se identificaron 516 refugios temporales.<\/p>\n<p>&nbsp;<\/p>\n<p>Adem\u00e1s, la incorporaci\u00f3n de siete nuevos binomios caninos result\u00f3 en un incremento del 367 % en operativos de b\u00fasqueda y rescate (de nueve a 43 b\u00fasquedas en un a\u00f1o).<\/p>\n<p>&nbsp;<\/p>\n<p>Se conformaron 2 mil 273 Comit\u00e9s Humanistas de Protecci\u00f3n Civil en 108 municipios, que han contribuido a la difusi\u00f3n y participaci\u00f3n de acciones preventivas en zonas de riesgo, como simulacros y ejercicios de evacuaci\u00f3n comunitaria, colaboraci\u00f3n en tareas de apoyo durante contingencias actuando como primer respondiente entre la poblaci\u00f3n y las autoridades.<\/p>\n<p>&nbsp;<\/p>\n<p>La Escuela Nacional de Protecci\u00f3n Civil Campus Universitario Chiapas (Enaproc) se consolid\u00f3 como l\u00edder acad\u00e9mico con m\u00e1s de 6 mil 500 estudiantes, ofreciendo dos doctorados, cinco maestr\u00edas y tres licenciaturas, impulsando la profesionalizaci\u00f3n del sector a nivel nacional e internacional.<\/p>\n<p>&nbsp;<\/p>\n<p>Avances estrat\u00e9gicos y fortalecimiento institucional<\/p>\n<p>&nbsp;<\/p>\n<p>Consolidaci\u00f3n del nuevo Sistema Estatal para la Gesti\u00f3n Integral de Riesgo de Desastre y Protecci\u00f3n Civil, con la instalaci\u00f3n de \u00f3rganos clave:<\/p>\n<p>&nbsp;<\/p>\n<p>Consejo Estatal de Protecci\u00f3n Civil 2024\u20132030: Instancia de planeaci\u00f3n y coordinaci\u00f3n.<\/p>\n<p>Comit\u00e9 Cient\u00edfico Asesor: Instalado por primera vez en la historia de Chiapas, dotando de sustento t\u00e9cnico a las decisiones.<\/p>\n<p>Comisi\u00f3n T\u00e9cnica de Evaluaci\u00f3n y Vigilancia de Profesionistas Acreditados: Garantizando legalidad y certeza t\u00e9cnica en los procesos de gesti\u00f3n de riesgos.<\/p>\n<p>&nbsp;<\/p>\n<p>Adem\u00e1s, se logr\u00f3 la incorporaci\u00f3n del Atlas de Riesgo Estatal como parte integral y activa del Atlas Nacional de Riesgos, en coordinaci\u00f3n con la Coordinaci\u00f3n Nacional de Protecci\u00f3n Civil y el Centro Nacional de Prevenci\u00f3n de Desastres (Cenapred), convirti\u00e9ndose en una fuente de consulta unificada para el estado.<\/p>\n<p>&nbsp;<\/p>\n<p>Asimismo, el Fondo para la Gesti\u00f3n Integral del Riesgo de Desastres (Fogird) permite disminuir vulnerabilidades destinando recursos estrat\u00e9gicos para mejorar la reducci\u00f3n de riesgos y la capacidad de respuesta ante eventos adversos.<\/p>\n<p>&nbsp;<\/p>\n<p>El titular de Protecci\u00f3n Civil enfatiz\u00f3 que se continuar\u00e1 con los trabajos preventivos, que son los que han dado resultados para la salvaguardia de la vida y la seguridad de la poblaci\u00f3n<\/p>\n","protected":false},"excerpt":{"rendered":"<p>&nbsp; &nbsp; Tuxtla Guti\u00e9rrez, Chiapas; 15 de diciembre de 2025.- El secretario de Protecci\u00f3n Civil&#8230;<\/p>\n","protected":false},"author":2,"featured_media":33809,"comment_status":"closed","ping_status":"closed","sticky":false,"template":"","format":"standard","meta":{"_joinchat":[],"footnotes":""},"categories":[18,1,2,3],"tags":[],"class_list":["post-33808","post","type-post","status-publish","format-standard","has-post-thumbnail","hentry","category-almomento","category-boletin","category-estado","category-health"],"_links":{"self":[{"href":"https:\/\/icoinformativo.mx\/home\/index.php?rest_route=\/wp\/v2\/posts\/33808","targetHints":{"allow":["GET"]}}],"collection":[{"href":"https:\/\/icoinformativo.mx\/home\/index.php?rest_route=\/wp\/v2\/posts"}],"about":[{"href":"https:\/\/icoinformativo.mx\/home\/index.php?rest_route=\/wp\/v2\/types\/post"}],"author":[{"embeddable":true,"href":"https:\/\/icoinformativo.mx\/home\/index.php?rest_route=\/wp\/v2\/users\/2"}],"replies":[{"embeddable":true,"href":"https:\/\/icoinformativo.mx\/home\/index.php?rest_route=%2Fwp%2Fv2%2Fcomments&post=33808"}],"version-history":[{"count":1,"href":"https:\/\/icoinformativo.mx\/home\/index.php?rest_route=\/wp\/v2\/posts\/33808\/revisions"}],"predecessor-version":[{"id":33810,"href":"https:\/\/icoinformativo.mx\/home\/index.php?rest_route=\/wp\/v2\/posts\/33808\/revisions\/33810"}],"wp:featuredmedia":[{"embeddable":true,"href":"https:\/\/icoinformativo.mx\/home\/index.php?rest_route=\/wp\/v2\/media\/33809"}],"wp:attachment":[{"href":"https:\/\/icoinformativo.mx\/home\/index.php?rest_route=%2Fwp%2Fv2%2Fmedia&parent=33808"}],"wp:term":[{"taxonomy":"category","embeddable":true,"href":"https:\/\/icoinformativo.mx\/home\/index.php?rest_route=%2Fwp%2Fv2%2Fcategories&post=33808"},{"taxonomy":"post_tag","embeddable":true,"href":"https:\/\/icoinformativo.mx\/home\/index.php?rest_route=%2Fwp%2Fv2%2Ftags&post=33808"}],"curies":[{"name":"wp","href":"https:\/\/api.w.org\/{rel}","templated":true}]}}