{"id":33802,"date":"2025-12-12T03:33:33","date_gmt":"2025-12-12T03:33:33","guid":{"rendered":"https:\/\/icoinformativo.mx\/home\/?p=33802"},"modified":"2025-12-12T03:33:33","modified_gmt":"2025-12-12T03:33:33","slug":"chiapas-se-posiciona-como-referente-nacional-en-bienestar-escolar","status":"publish","type":"post","link":"https:\/\/icoinformativo.mx\/home\/?p=33802","title":{"rendered":"Chiapas se posiciona como referente nacional en bienestar escolar"},"content":{"rendered":"<p>&nbsp;<\/p>\n<p>Durante los tres primeros meses del a\u00f1o, la instituci\u00f3n educativa concluir\u00eda con las incidencias registradas durante las visitas<\/p>\n<p>\u201cEn Chiapas trabajamos como un solo equipo, atendiendo con sensibilidad y compromiso las necesidades de la gente. Hoy, hombres y mujeres extraordinarios muestran hasta d\u00f3nde podemos llegar cuando ponemos al centro a las infancias y adolescencias de M\u00e9xico\u201d, expres\u00f3 la se\u00f1ora Sof\u00eda Espinoza Abarca, durante el cierre estatal las jornadas de salud de la Estrategia Nacional \u201cVive saludable, vive feliz\u201d.<\/p>\n<p>Desde la Escuela Primaria \u201cFray Mat\u00edas Antonio de C\u00f3rdoba y Ord\u00f3\u00f1ez\u201d, la Secretar\u00eda de Educaci\u00f3n, encabezada por Roger Mandujano, celebr\u00f3 el cierre de esta estrategia que re\u00fane esfuerzos locales, estatales y federales, impulsada por la Presidenta de la Rep\u00fablica, Claudia Sheinbaum Pardo.<\/p>\n<p>En Chiapas, la estrategia visit\u00f3 el 100 por ciento de las escuelas (8 mil 363). De \u00e9stas, el 95 por ciento fue tamizado: 766 mil 234 estudiantes, de los cuales 752 mil 598 recibieron valoraci\u00f3n, alcanzando un 93 por ciento de cobertura. Lo anterior, posicion\u00f3 a Chiapas al primer lugar en la primera etapa y entre los primeros lugares en la segunda fase a nivel nacional.<\/p>\n<p>En su intervenci\u00f3n, el secretario de Salud, Omar G\u00f3mez Cruz, manifest\u00f3 que lo importante de esta estrategia es lo que viene, que se detecte c\u00f3mo est\u00e1 la salud de la ni\u00f1ez en Chiapas y de ah\u00ed hacer las acciones preventivas. \u00abNo es s\u00f3lo un n\u00famero, no es que hayamos alcanzado la meta, el gran reto que tenemos ahora es que ni\u00f1as y ni\u00f1os tengan esta cultura de vive saludable, vive feliz, para que cuando sean adultos sean personas sanas\u00bb.<\/p>\n<p>Por su parte, el subsecretario de Educaci\u00f3n Estatal, Gilberto de los Santos Cruz, en representaci\u00f3n Roger Mandujano, reconoci\u00f3 al personal que recorri\u00f3 las zonas m\u00e1s alejadas para cumplir esta tarea:<\/p>\n<p>\u201cEste programa ha cobrado una fuerza especial gracias al impulso del gobernador Eduardo Ram\u00edrez. Estamos convencidos de que no hay aprendizaje pleno sin bienestar. La salud es un derecho que abre puertas, fortalece sue\u00f1os y permite vivir con dignidad. Estas jornadas son la prueba de lo que se logra cuando un gobierno trabaja con cercan\u00eda y profundo sentido humano\u201d.<\/p>\n<p>Asimismo, la se\u00f1ora Sof\u00eda Espinoza Abarca subray\u00f3 que la actual administraci\u00f3n impulsa activamente la salud f\u00edsica, emocional y social de todas las personas.<\/p>\n","protected":false},"excerpt":{"rendered":"<p>&nbsp; Durante los tres primeros meses del a\u00f1o, la instituci\u00f3n educativa concluir\u00eda con las incidencias&#8230;<\/p>\n","protected":false},"author":2,"featured_media":33803,"comment_status":"closed","ping_status":"closed","sticky":false,"template":"","format":"standard","meta":{"_joinchat":[],"footnotes":""},"categories":[18,1,2,3],"tags":[],"class_list":["post-33802","post","type-post","status-publish","format-standard","has-post-thumbnail","hentry","category-almomento","category-boletin","category-estado","category-health"],"_links":{"self":[{"href":"https:\/\/icoinformativo.mx\/home\/index.php?rest_route=\/wp\/v2\/posts\/33802","targetHints":{"allow":["GET"]}}],"collection":[{"href":"https:\/\/icoinformativo.mx\/home\/index.php?rest_route=\/wp\/v2\/posts"}],"about":[{"href":"https:\/\/icoinformativo.mx\/home\/index.php?rest_route=\/wp\/v2\/types\/post"}],"author":[{"embeddable":true,"href":"https:\/\/icoinformativo.mx\/home\/index.php?rest_route=\/wp\/v2\/users\/2"}],"replies":[{"embeddable":true,"href":"https:\/\/icoinformativo.mx\/home\/index.php?rest_route=%2Fwp%2Fv2%2Fcomments&post=33802"}],"version-history":[{"count":1,"href":"https:\/\/icoinformativo.mx\/home\/index.php?rest_route=\/wp\/v2\/posts\/33802\/revisions"}],"predecessor-version":[{"id":33804,"href":"https:\/\/icoinformativo.mx\/home\/index.php?rest_route=\/wp\/v2\/posts\/33802\/revisions\/33804"}],"wp:featuredmedia":[{"embeddable":true,"href":"https:\/\/icoinformativo.mx\/home\/index.php?rest_route=\/wp\/v2\/media\/33803"}],"wp:attachment":[{"href":"https:\/\/icoinformativo.mx\/home\/index.php?rest_route=%2Fwp%2Fv2%2Fmedia&parent=33802"}],"wp:term":[{"taxonomy":"category","embeddable":true,"href":"https:\/\/icoinformativo.mx\/home\/index.php?rest_route=%2Fwp%2Fv2%2Fcategories&post=33802"},{"taxonomy":"post_tag","embeddable":true,"href":"https:\/\/icoinformativo.mx\/home\/index.php?rest_route=%2Fwp%2Fv2%2Ftags&post=33802"}],"curies":[{"name":"wp","href":"https:\/\/api.w.org\/{rel}","templated":true}]}}