{"id":33799,"date":"2025-12-12T03:30:58","date_gmt":"2025-12-12T03:30:58","guid":{"rendered":"https:\/\/icoinformativo.mx\/home\/?p=33799"},"modified":"2025-12-12T03:30:58","modified_gmt":"2025-12-12T03:30:58","slug":"en-chiapas-la-seguridad-y-el-bienestar-de-las-mujeres-son-una-prioridad-marian-vazquez","status":"publish","type":"post","link":"https:\/\/icoinformativo.mx\/home\/?p=33799","title":{"rendered":"En Chiapas, la seguridad y el bienestar de las mujeres son una prioridad: Marian V\u00e1zquez"},"content":{"rendered":"<p>&nbsp;<\/p>\n<p>La titular de la Secretar\u00eda de la Mujer e Igualdad de G\u00e9nero destac\u00f3 el trabajo interinstitucional que se ha realizado para hacer frente a la violencia de genero; en la presentaci\u00f3n de la Glosa del Primer Informe de Gobierno<\/p>\n<p>Tuxtla Guti\u00e9rrez, 11 de diciembre de 2025.- La titular de la Secretar\u00eda de la Mujer e Igualdad de G\u00e9nero (Semuigen), Marian V\u00e1zquez Gonz\u00e1lez, present\u00f3 este jueves ante el Congreso del Estado de Chiapas, el trabajo que esta dependencia ha realizado de manera interinstitucional para garantizar la seguridad y el bienestar de las mujeres, ni\u00f1as y adolescentes; en el marco de la Glosa del Primer Informe del gobernador Eduardo Ram\u00edrez Aguilar.<\/p>\n<p>En comparecencia ante las y los diputados que integran las comisiones unidas de Igualdad de G\u00e9nero; Seguimiento a las Acciones de Procuraci\u00f3n de Justicia vinculadas a los Feminicidios en Chiapas; y Atenci\u00f3n a la Mujer y a la Ni\u00f1ez, reconoci\u00f3 que la erradicaci\u00f3n de la violencia de g\u00e9nero es un reto complejo; sin embargo, se hace frente a este flagelo hist\u00f3rico coadyuvando con los ayuntamientos, sobre todo en los municipios con Alerta de Violencia de G\u00e9nero contra las Mujeres (AVGM).<\/p>\n<p>\u201cLos resultados dan cuenta de la coordinaci\u00f3n gubernamental y del compromiso de las instituciones; pero sobre todo, revelan la magnitud de la responsabilidad que tenemos frente a la ciudadan\u00eda; es as\u00ed como logramos que 86 ayuntamientos instalaran el Consejo Municipal para Garantizar el Derecho de las Mujeres a una Vida Libre de Violencia, para adoptar formalmente una ruta \u00fanica de atenci\u00f3n para mujeres v\u00edctimas de violencia de g\u00e9nero\u201d, mencion\u00f3.<\/p>\n<p>Con este objetivo, -dijo- se han puesto en marcha campa\u00f1as intensivas como \u201cMujer, \u00a1alza tu voz! Detengamos las Violencias\u201d, que se llevan a cabo en todo el estado para que las mujeres conozcan sus derechos; hacer un llamado a la denuncia y promover el uso de los n\u00fameros de ayuda: 079 y la L\u00ednea Digital Semuigen 9614629340, en la cual las mujeres v\u00edctimas de violencia son canalizadas para recibir asistencia inmediata, as\u00ed como apoyo psicol\u00f3gico y jur\u00eddico.<\/p>\n<p>Adem\u00e1s, hizo \u00e9nfasis en programas innovadores como \u201cMujer Segura: Presiona, Activa y Alerta\u201d, un compromiso cumplido del gobernador, que busca fortalecer la seguridad de las mujeres, al dotarlas de un reloj inteligente con el que de manera r\u00e1pida y f\u00e1cil, pueden enviar su localizaci\u00f3n en tiempo real a las corporaciones policiales, para recibir el auxilio de una patrulla en cuesti\u00f3n de minutos.<\/p>\n<p>Otro rubro importante para garantizar<\/p>\n","protected":false},"excerpt":{"rendered":"<p>&nbsp; La titular de la Secretar\u00eda de la Mujer e Igualdad de G\u00e9nero destac\u00f3 el&#8230;<\/p>\n","protected":false},"author":2,"featured_media":33800,"comment_status":"closed","ping_status":"closed","sticky":false,"template":"","format":"standard","meta":{"_joinchat":[],"footnotes":""},"categories":[1],"tags":[],"class_list":["post-33799","post","type-post","status-publish","format-standard","has-post-thumbnail","hentry","category-boletin"],"_links":{"self":[{"href":"https:\/\/icoinformativo.mx\/home\/index.php?rest_route=\/wp\/v2\/posts\/33799","targetHints":{"allow":["GET"]}}],"collection":[{"href":"https:\/\/icoinformativo.mx\/home\/index.php?rest_route=\/wp\/v2\/posts"}],"about":[{"href":"https:\/\/icoinformativo.mx\/home\/index.php?rest_route=\/wp\/v2\/types\/post"}],"author":[{"embeddable":true,"href":"https:\/\/icoinformativo.mx\/home\/index.php?rest_route=\/wp\/v2\/users\/2"}],"replies":[{"embeddable":true,"href":"https:\/\/icoinformativo.mx\/home\/index.php?rest_route=%2Fwp%2Fv2%2Fcomments&post=33799"}],"version-history":[{"count":1,"href":"https:\/\/icoinformativo.mx\/home\/index.php?rest_route=\/wp\/v2\/posts\/33799\/revisions"}],"predecessor-version":[{"id":33801,"href":"https:\/\/icoinformativo.mx\/home\/index.php?rest_route=\/wp\/v2\/posts\/33799\/revisions\/33801"}],"wp:featuredmedia":[{"embeddable":true,"href":"https:\/\/icoinformativo.mx\/home\/index.php?rest_route=\/wp\/v2\/media\/33800"}],"wp:attachment":[{"href":"https:\/\/icoinformativo.mx\/home\/index.php?rest_route=%2Fwp%2Fv2%2Fmedia&parent=33799"}],"wp:term":[{"taxonomy":"category","embeddable":true,"href":"https:\/\/icoinformativo.mx\/home\/index.php?rest_route=%2Fwp%2Fv2%2Fcategories&post=33799"},{"taxonomy":"post_tag","embeddable":true,"href":"https:\/\/icoinformativo.mx\/home\/index.php?rest_route=%2Fwp%2Fv2%2Ftags&post=33799"}],"curies":[{"name":"wp","href":"https:\/\/api.w.org\/{rel}","templated":true}]}}