{"id":33796,"date":"2025-12-12T03:24:11","date_gmt":"2025-12-12T03:24:11","guid":{"rendered":"https:\/\/icoinformativo.mx\/home\/?p=33796"},"modified":"2025-12-12T03:24:11","modified_gmt":"2025-12-12T03:24:11","slug":"chiapas-obtiene-el-galardon-a-la-mejor-delegacion-de-mexico-en-la-expociencias-nacional-2025","status":"publish","type":"post","link":"https:\/\/icoinformativo.mx\/home\/?p=33796","title":{"rendered":"Chiapas obtiene el Galard\u00f3n a la Mejor Delegaci\u00f3n de M\u00e9xico en la ExpoCiencias Nacional 2025"},"content":{"rendered":"<p>&nbsp;<\/p>\n<p>\u2022 Talento chiapaneco destaca entre delegaciones nacionales e internacionales<\/p>\n<p>\u2022 J\u00f3venes de Chiapas representar\u00e1n a M\u00e9xico en eventos cient\u00edficos de Brasil, Colombia, Reino Unido y Estados Unidos<\/p>\n<p>Tuxtla Guti\u00e9rrez, Chiapas; 11 de diciembre de 2025.\u2013 Chiapas volvi\u00f3 a demostrar su liderazgo en innovaci\u00f3n al obtener el Galard\u00f3n a la Mejor Delegaci\u00f3n de M\u00e9xico durante la ExpoCiencias Nacional Tamaulipas 2025, realizada del 2 al 5 de diciembre en Tampico, el evento de ciencia y tecnolog\u00eda juvenil m\u00e1s importante de Latinoam\u00e9rica. As\u00ed lo inform\u00f3 Jovani Salazar Ruiz, director general de la Agencia Digital Tecnol\u00f3gica del Estado de Chiapas (Aditech).<\/p>\n<p>Salazar Ruiz destac\u00f3 el trabajo de Lorena del Rosario Rojas Nucamendi, coordinadora estatal de la Red Nacional de Actividades Juveniles en Ciencia y Tecnolog\u00eda (LaREDMex), cuyo liderazgo e impulso a las juventudes han permitido consolidar una delegaci\u00f3n fuerte y competitiva que hoy coloca en alto el nombre de Chiapas.<\/p>\n<p>Durante la ceremonia de premiaci\u00f3n, Rojas Nucamendi recibi\u00f3 de manos del director general de LaREDMex, Roberto Hidalgo Rivas, el reconocimiento a la mejor delegaci\u00f3n 2025, resultado del trabajo en la organizaci\u00f3n de eventos estatales, el incremento en proyectos participantes y la obtenci\u00f3n de acreditaciones internacionales.<\/p>\n<p>En esta edici\u00f3n participaron 33 delegaciones nacionales de todos los estados y la Ciudad de M\u00e9xico, as\u00ed como 9 delegaciones internacionales de Am\u00e9rica y Europa. A lo largo de cuatro d\u00edas se exhibieron los 500 mejores proyectos cient\u00edficos del pa\u00eds, seleccionados por su calidad, impacto e innovaci\u00f3n.<\/p>\n<p>El titular de la Aditech mencion\u00f3 que Chiapas compiti\u00f3 con 14 proyectos, logrando una participaci\u00f3n sobresaliente que deriv\u00f3 en cinco acreditaciones internacionales y un reconocimiento a Proyecto Sobresaliente. Estos logros permitir\u00e1n que el talento chiapaneco represente a M\u00e9xico en foros cient\u00edficos de Brasil, Colombia, Reino Unido y Estados Unidos.<\/p>\n<p>Las acreditaciones internacionales obtenidas fueron para los siguientes proyectos: \u201cVisi\u00f3n artificial para la lengua de se\u00f1as mexicanas\u201d y \u201cMonitoreo de salud m\u00fasculo-esquel\u00e9tica en microgravedad\u201d, de la Universidad Polit\u00e9cnica de Chiapas (UPChiapas). \u201cACUA-ECO 2.1\u201d del Colegio de Bachilleres de Chiapas (Cobach), Plantel 255 de Puerto Madero y con el proyecto \u201cHidratante de muc\u00edlago de nopal\u201d, del Colegio La Paz.<\/p>\n<p>Asimismo, destac\u00f3 la participaci\u00f3n del profesor Antonio de Jes\u00fas Villamontes S\u00e1nchez, de la Telesecundaria 764 \u201cJos\u00e9 Vasconcelos Calder\u00f3n\u201d, en San Isidro Las Banderas, Pantepec, quien obtuvo su pase al STEAM Espacial en el Space Center de la NASA, en Houston, Texas.<\/p>\n<p>&nbsp;<\/p>\n<p>El reconocimiento especial al Proyecto Sobresaliente \u201cToy Soap: \u00a1Diversi\u00f3n entre tus manos!\u201d, desarrollado por la Escuela Primaria Dr. Rodulfo Figueroa Esqu\u00ednca, de Tuxtla Guti\u00e9rrez.<\/p>\n<p>La ExpoCiencias tiene una trayectoria de d\u00e9cadas en Chiapas. Entre los antecedentes m\u00e1s significativos se encuentra la participaci\u00f3n, en 1991, de Ricardo Moya y Jorge Mois\u00e9s, estudiantes del Tecnol\u00f3gico de Tuxtla Guti\u00e9rrez, quienes presentaron el proyecto \u201cMinitractor\u201d en Pretoria, Sud\u00e1frica.<\/p>\n<p>En 2003, Lorena Rojas y Mario Trujillo integraron la primera delegaci\u00f3n mexicana oficialmente reconocida en un evento ESI, con el proyecto \u201cBombeo mec\u00e1nico alternativo de agua para comunidades rurales sin energ\u00eda el\u00e9ctrica\u201d, presentada en Mosc\u00fa, Rusia.<\/p>\n<p>En 2010 se crea la coordinaci\u00f3n de LaREDMex en Chiapas, desde este momento, cada a\u00f1o por lo menos un proyecto ha obtenido acreditaciones internacionales. En 2012 El maestro Mario L\u00f3pez Miceli, (en ese momento Estudiante de la Unicach), gan\u00f3 la m\u00e1xima acreditaci\u00f3n, como el proyecto con mayor calificaci\u00f3n de todo M\u00e9xico, que le otorg\u00f3 el pase a Stockholm International Youth Science Seminar, en Estocolmo, Suecia; para ser parte de la delegaci\u00f3n de 20 j\u00f3venes del mundo que asisten a los premios Nobel como invitados especiales.<\/p>\n<p>La ExpoCiencias es avalada por el Movimiento Internacional para el Recreo Cient\u00edfico y T\u00e9cnico (Milset), la organizaci\u00f3n m\u00e1s grande del mundo en divulgaci\u00f3n cient\u00edfica juvenil, con presencia en 92 pa\u00edses.<\/p>\n<p>Con estos logros, Chiapas reafirma su liderazgo nacional en formaci\u00f3n cient\u00edfica juvenil y contin\u00faa construyendo un legado de innovaci\u00f3n que inspira a nuevas generaciones.<\/p>\n","protected":false},"excerpt":{"rendered":"<p>&nbsp; \u2022 Talento chiapaneco destaca entre delegaciones nacionales e internacionales \u2022 J\u00f3venes de Chiapas representar\u00e1n&#8230;<\/p>\n","protected":false},"author":2,"featured_media":33797,"comment_status":"closed","ping_status":"closed","sticky":false,"template":"","format":"standard","meta":{"_joinchat":[],"footnotes":""},"categories":[18,1,2,3],"tags":[],"class_list":["post-33796","post","type-post","status-publish","format-standard","has-post-thumbnail","hentry","category-almomento","category-boletin","category-estado","category-health"],"_links":{"self":[{"href":"https:\/\/icoinformativo.mx\/home\/index.php?rest_route=\/wp\/v2\/posts\/33796","targetHints":{"allow":["GET"]}}],"collection":[{"href":"https:\/\/icoinformativo.mx\/home\/index.php?rest_route=\/wp\/v2\/posts"}],"about":[{"href":"https:\/\/icoinformativo.mx\/home\/index.php?rest_route=\/wp\/v2\/types\/post"}],"author":[{"embeddable":true,"href":"https:\/\/icoinformativo.mx\/home\/index.php?rest_route=\/wp\/v2\/users\/2"}],"replies":[{"embeddable":true,"href":"https:\/\/icoinformativo.mx\/home\/index.php?rest_route=%2Fwp%2Fv2%2Fcomments&post=33796"}],"version-history":[{"count":1,"href":"https:\/\/icoinformativo.mx\/home\/index.php?rest_route=\/wp\/v2\/posts\/33796\/revisions"}],"predecessor-version":[{"id":33798,"href":"https:\/\/icoinformativo.mx\/home\/index.php?rest_route=\/wp\/v2\/posts\/33796\/revisions\/33798"}],"wp:featuredmedia":[{"embeddable":true,"href":"https:\/\/icoinformativo.mx\/home\/index.php?rest_route=\/wp\/v2\/media\/33797"}],"wp:attachment":[{"href":"https:\/\/icoinformativo.mx\/home\/index.php?rest_route=%2Fwp%2Fv2%2Fmedia&parent=33796"}],"wp:term":[{"taxonomy":"category","embeddable":true,"href":"https:\/\/icoinformativo.mx\/home\/index.php?rest_route=%2Fwp%2Fv2%2Fcategories&post=33796"},{"taxonomy":"post_tag","embeddable":true,"href":"https:\/\/icoinformativo.mx\/home\/index.php?rest_route=%2Fwp%2Fv2%2Ftags&post=33796"}],"curies":[{"name":"wp","href":"https:\/\/api.w.org\/{rel}","templated":true}]}}