{"id":33793,"date":"2025-12-11T04:30:14","date_gmt":"2025-12-11T04:30:14","guid":{"rendered":"https:\/\/icoinformativo.mx\/home\/?p=33793"},"modified":"2025-12-11T04:30:14","modified_gmt":"2025-12-11T04:30:14","slug":"cecytech-se-suma-al-impulso-estatal-para-fortalecer-la-practica-educativa-en-chiapas","status":"publish","type":"post","link":"https:\/\/icoinformativo.mx\/home\/?p=33793","title":{"rendered":"Cecytech se suma al impulso estatal para fortalecer la pr\u00e1ctica educativa en Chiapas"},"content":{"rendered":"<p>&nbsp;<\/p>\n<p>&nbsp;<\/p>\n<p>La instituci\u00f3n particip\u00f3 en la ceremonia estatal donde se distingui\u00f3 a docentes, tutores y asesores por su labor formativa en Chiapas<\/p>\n<p>&nbsp;<\/p>\n<p>Tuxtla Guti\u00e9rrez, Chiapas. -El Colegio de Estudios Cient\u00edficos y Tecnol\u00f3gicos del Estado de Chiapas (Cecytech), a cargo de Luis Guadalupe Morales \u00c1ngeles, particip\u00f3 en la entrega de reconocimientos 2025 a la pr\u00e1ctica educativa, tutor\u00eda y asesor\u00eda t\u00e9cnica, donde destac\u00f3 la relevancia del magisterio en la construcci\u00f3n de una educaci\u00f3n m\u00e1s humana, s\u00f3lida y significativa para las juventudes chiapanecas.<\/p>\n<p>&nbsp;<\/p>\n<p>La ceremonia se celebr\u00f3 en Tuxtla Guti\u00e9rrez encabezada por el secretario de Educaci\u00f3n, Roger Adri\u00e1n Mandujano Ayala, quien resalt\u00f3 la vocaci\u00f3n docente como un pilar esencial para fortalecer la \u201cPedagog\u00eda de las Conciencias\u201d, un enfoque que promueve el desarrollo integral del alumnado desde una visi\u00f3n humanista y descolonizadora del saber.<\/p>\n<p>&nbsp;<\/p>\n<p>En este sentido, Morales \u00c1ngeles reconoci\u00f3 la labor de las maestras, maestros, tutores y asesores que acompa\u00f1an e inspiran diariamente a miles de estudiantes, y subray\u00f3 que su dedicaci\u00f3n fortalece los entornos educativos de la instituci\u00f3n y contribuye al desarrollo acad\u00e9mico y formativo de la comunidad escolar.<\/p>\n<p>&nbsp;<\/p>\n<p>Indic\u00f3 que bajo la pol\u00edtica educativa del gobernador del estado, Eduardo Ram\u00edrez Aguilar, el Colegio reafirma su compromiso de impulsar una educaci\u00f3n de excelencia, sustentada en principios humanistas como el Lekil Kuxlejal (Buen Vivir), el respeto, el aprendizaje con sentido comunitario y la empat\u00eda, valores que orientan la transformaci\u00f3n educativa en Chiapas.<\/p>\n<p>&nbsp;<\/p>\n<p>Morales \u00c1ngeles reconoci\u00f3 especialmente a la base docente del Colegio, destacando su vocaci\u00f3n, profesionalismo y compromiso con el aprendizaje. Se\u00f1al\u00f3 que el talento y el esfuerzo del personal educativo son fundamentales para seguir construyendo un Cecytech m\u00e1s fuerte, inclusivo y alineado a los desaf\u00edos actuales de la educaci\u00f3n media superior.<\/p>\n<p>&nbsp;<\/p>\n<p>Finalmente, reiter\u00f3 que la instituci\u00f3n continuar\u00e1 trabajando de manera coordinada con la Secretar\u00eda de Educaci\u00f3n y el Gobierno del Estado para fortalecer el desarrollo profesional docente, promover entornos de ense\u00f1anza m\u00e1s humanos y garantizar que cada estudiante cuente con las herramientas necesarias para transformar su vida y la de su comunidad.<\/p>\n","protected":false},"excerpt":{"rendered":"<p>&nbsp; &nbsp; La instituci\u00f3n particip\u00f3 en la ceremonia estatal donde se distingui\u00f3 a docentes, tutores&#8230;<\/p>\n","protected":false},"author":2,"featured_media":33794,"comment_status":"closed","ping_status":"closed","sticky":false,"template":"","format":"standard","meta":{"_joinchat":[],"footnotes":""},"categories":[18,1,2,3],"tags":[],"class_list":["post-33793","post","type-post","status-publish","format-standard","has-post-thumbnail","hentry","category-almomento","category-boletin","category-estado","category-health"],"_links":{"self":[{"href":"https:\/\/icoinformativo.mx\/home\/index.php?rest_route=\/wp\/v2\/posts\/33793","targetHints":{"allow":["GET"]}}],"collection":[{"href":"https:\/\/icoinformativo.mx\/home\/index.php?rest_route=\/wp\/v2\/posts"}],"about":[{"href":"https:\/\/icoinformativo.mx\/home\/index.php?rest_route=\/wp\/v2\/types\/post"}],"author":[{"embeddable":true,"href":"https:\/\/icoinformativo.mx\/home\/index.php?rest_route=\/wp\/v2\/users\/2"}],"replies":[{"embeddable":true,"href":"https:\/\/icoinformativo.mx\/home\/index.php?rest_route=%2Fwp%2Fv2%2Fcomments&post=33793"}],"version-history":[{"count":1,"href":"https:\/\/icoinformativo.mx\/home\/index.php?rest_route=\/wp\/v2\/posts\/33793\/revisions"}],"predecessor-version":[{"id":33795,"href":"https:\/\/icoinformativo.mx\/home\/index.php?rest_route=\/wp\/v2\/posts\/33793\/revisions\/33795"}],"wp:featuredmedia":[{"embeddable":true,"href":"https:\/\/icoinformativo.mx\/home\/index.php?rest_route=\/wp\/v2\/media\/33794"}],"wp:attachment":[{"href":"https:\/\/icoinformativo.mx\/home\/index.php?rest_route=%2Fwp%2Fv2%2Fmedia&parent=33793"}],"wp:term":[{"taxonomy":"category","embeddable":true,"href":"https:\/\/icoinformativo.mx\/home\/index.php?rest_route=%2Fwp%2Fv2%2Fcategories&post=33793"},{"taxonomy":"post_tag","embeddable":true,"href":"https:\/\/icoinformativo.mx\/home\/index.php?rest_route=%2Fwp%2Fv2%2Ftags&post=33793"}],"curies":[{"name":"wp","href":"https:\/\/api.w.org\/{rel}","templated":true}]}}