{"id":33790,"date":"2025-12-11T04:25:14","date_gmt":"2025-12-11T04:25:14","guid":{"rendered":"https:\/\/icoinformativo.mx\/home\/?p=33790"},"modified":"2025-12-11T04:25:14","modified_gmt":"2025-12-11T04:25:14","slug":"secretaria-general-de-gobierno-y-mediacion-presenta-avances-en-gobernabilidad-mediacion-y-paz-social-ante-el-congreso-del-estado","status":"publish","type":"post","link":"https:\/\/icoinformativo.mx\/home\/?p=33790","title":{"rendered":"Secretar\u00eda General de Gobierno y Mediaci\u00f3n presenta avances en gobernabilidad, mediaci\u00f3n y paz social ante el Congreso del Estado"},"content":{"rendered":"<p>&nbsp;<\/p>\n<p>Rodr\u00edguez Ovando expuso resultados en municipios de atenci\u00f3n prioritaria, acciones de seguridad, derechos humanos y mecanismos de di\u00e1logo y cercan\u00eda con las comunidades<\/p>\n<p>&nbsp;<\/p>\n<p>En cumplimiento a lo establecido por el calendario de glosa del Primer Informe de Gobierno del gobernador Eduardo Ram\u00edrez Aguilar, la secretaria general de Gobierno y Mediaci\u00f3n, Dulce Mar\u00eda Rodr\u00edguez Ovando, compareci\u00f3 ante la Comisi\u00f3n de Gobernaci\u00f3n y Puntos Constitucionales del Congreso del Estado, donde present\u00f3 el balance del primer a\u00f1o de trabajo de la dependencia a su cargo.<\/p>\n<p>&nbsp;<\/p>\n<p>Durante la sesi\u00f3n, realizada en la Sala de Usos M\u00faltiples Fidelia Brindis Camacho, la secretaria expuso los avances alcanzados en materia de gobernabilidad, mediaci\u00f3n y paz social, subrayando la ruta trazada desde el inicio de la administraci\u00f3n para restablecer el orden institucional, fortalecer el di\u00e1logo con los municipios y acompa\u00f1ar a las comunidades con un enfoque humanista y de respeto a los derechos humanos.<\/p>\n<p>&nbsp;<\/p>\n<p>Rodr\u00edguez Ovando se\u00f1al\u00f3 que, a un a\u00f1o de gobierno, Chiapas recuper\u00f3 condiciones de estabilidad gracias a una estrategia territorial que prioriza la mediaci\u00f3n como v\u00eda para transformar conflictos en acuerdos. Destac\u00f3 los procesos desarrollados en municipios como Frontera Comalapa, Oxchuc y Pantelh\u00f3, donde se lograron acuerdos de pacificaci\u00f3n y la realizaci\u00f3n de procesos electorales en un ambiente de tranquilidad, reconstruyendo la confianza ciudadana.<\/p>\n<p>&nbsp;<\/p>\n<p>Asimismo, enfatiz\u00f3 los resultados de las Jornadas por la Paz, las Jornadas de Atenci\u00f3n a las Causas, y el trabajo coordinado en la Mesa de Seguridad, as\u00ed como las acciones para atender el desplazamiento interno, la b\u00fasqueda de personas desaparecidas, la protecci\u00f3n de derechos humanos y la construcci\u00f3n de consensos mediante consultas p\u00fablicas en proyectos estrat\u00e9gicos, como la carretera Palenque\u2013Ocosingo y el programa Chiapas Puede.<\/p>\n<p>&nbsp;<\/p>\n<p>Al referirse al significado del humanismo en la gesti\u00f3n p\u00fablica, la secretaria afirm\u00f3 que la paz duradera solo es posible cuando el gobierno escucha, acompa\u00f1a y atiende a la poblaci\u00f3n desde el territorio: \u201cLa mediaci\u00f3n es el arte de escuchar, entender y construir acuerdos justos para todas y todos. Esa es la ruta que gu\u00eda nuestro trabajo y que caracteriza esta Nueva Era de gobierno\u201d.<\/p>\n<p>&nbsp;<\/p>\n<p>Durante la etapa de di\u00e1logo con las diputadas y diputados, se abordaron temas como la participaci\u00f3n comunitaria en los procesos de mediaci\u00f3n, los mecanismos de seguimiento y transparencia en obras derivadas de consultas p\u00fablicas, las estrategias de b\u00fasqueda de personas desaparecidas y los retos para consolidar la gobernabilidad en 2026. La secretaria reiter\u00f3 que el reto central ser\u00e1 mantener la proximidad territorial y seguir fortaleciendo la confianza en las instituciones mediante un trabajo coordinado y humanista.<\/p>\n<p>&nbsp;<\/p>\n<p>La comparecencia cont\u00f3 con la presencia de las diputadas y diputados integrantes de la Comisi\u00f3n de Gobernaci\u00f3n y Puntos Constitucionales, as\u00ed como de integrantes de la Mesa Directiva del Congreso y funcionarias y funcionarios de la Secretar\u00eda General de Gobierno y Mediaci\u00f3n, quienes acompa\u00f1aron este ejercicio de rendici\u00f3n de cuentas.<\/p>\n<p>&nbsp;<\/p>\n<p>El Gobierno de Chiapas reafirma que la transparencia, el di\u00e1logo y la participaci\u00f3n democr\u00e1tica son pilares fundamentales para consolidar una gobernabilidad s\u00f3lida y una paz duradera en todo el estado.<\/p>\n","protected":false},"excerpt":{"rendered":"<p>&nbsp; Rodr\u00edguez Ovando expuso resultados en municipios de atenci\u00f3n prioritaria, acciones de seguridad, derechos humanos&#8230;<\/p>\n","protected":false},"author":2,"featured_media":33791,"comment_status":"closed","ping_status":"closed","sticky":false,"template":"","format":"standard","meta":{"_joinchat":[],"footnotes":""},"categories":[18,1,2,3],"tags":[],"class_list":["post-33790","post","type-post","status-publish","format-standard","has-post-thumbnail","hentry","category-almomento","category-boletin","category-estado","category-health"],"_links":{"self":[{"href":"https:\/\/icoinformativo.mx\/home\/index.php?rest_route=\/wp\/v2\/posts\/33790","targetHints":{"allow":["GET"]}}],"collection":[{"href":"https:\/\/icoinformativo.mx\/home\/index.php?rest_route=\/wp\/v2\/posts"}],"about":[{"href":"https:\/\/icoinformativo.mx\/home\/index.php?rest_route=\/wp\/v2\/types\/post"}],"author":[{"embeddable":true,"href":"https:\/\/icoinformativo.mx\/home\/index.php?rest_route=\/wp\/v2\/users\/2"}],"replies":[{"embeddable":true,"href":"https:\/\/icoinformativo.mx\/home\/index.php?rest_route=%2Fwp%2Fv2%2Fcomments&post=33790"}],"version-history":[{"count":1,"href":"https:\/\/icoinformativo.mx\/home\/index.php?rest_route=\/wp\/v2\/posts\/33790\/revisions"}],"predecessor-version":[{"id":33792,"href":"https:\/\/icoinformativo.mx\/home\/index.php?rest_route=\/wp\/v2\/posts\/33790\/revisions\/33792"}],"wp:featuredmedia":[{"embeddable":true,"href":"https:\/\/icoinformativo.mx\/home\/index.php?rest_route=\/wp\/v2\/media\/33791"}],"wp:attachment":[{"href":"https:\/\/icoinformativo.mx\/home\/index.php?rest_route=%2Fwp%2Fv2%2Fmedia&parent=33790"}],"wp:term":[{"taxonomy":"category","embeddable":true,"href":"https:\/\/icoinformativo.mx\/home\/index.php?rest_route=%2Fwp%2Fv2%2Fcategories&post=33790"},{"taxonomy":"post_tag","embeddable":true,"href":"https:\/\/icoinformativo.mx\/home\/index.php?rest_route=%2Fwp%2Fv2%2Ftags&post=33790"}],"curies":[{"name":"wp","href":"https:\/\/api.w.org\/{rel}","templated":true}]}}