{"id":33784,"date":"2025-12-11T04:16:33","date_gmt":"2025-12-11T04:16:33","guid":{"rendered":"https:\/\/icoinformativo.mx\/home\/?p=33784"},"modified":"2025-12-11T04:16:33","modified_gmt":"2025-12-11T04:16:33","slug":"escuelas-que-cuidan-chiapas-fortalece-la-prevencion-del-embarazo-a-temprana-edad","status":"publish","type":"post","link":"https:\/\/icoinformativo.mx\/home\/?p=33784","title":{"rendered":"Escuelas que Cuidan: Chiapas fortalece la prevenci\u00f3n del embarazo a temprana edad"},"content":{"rendered":"<p>&nbsp;<\/p>\n<p>&nbsp;<\/p>\n<p>Se construyen entornos educativos sensibles, informados y libres de violencia<\/p>\n<p>&nbsp;<\/p>\n<p>Como parte de las acciones de la Alerta de Violencia de G\u00e9nero contra las Mujeres (AVGM), la Secretar\u00eda de Educaci\u00f3n (SE), encabezada por Roger Mandujano, imparti\u00f3 a trav\u00e9s de la Unidad de Igualdad de G\u00e9nero el taller de sensibilizaci\u00f3n y formaci\u00f3n \u201cEmbarazo a temprana edad\u201d, dirigido a docentes de Educaci\u00f3n B\u00e1sica, con el prop\u00f3sito de fortalecer su capacidad de prevenci\u00f3n, orientaci\u00f3n y acompa\u00f1amiento.<\/p>\n<p>&nbsp;<\/p>\n<p>En representaci\u00f3n del titular de la dependencia, el subsecretario de Educaci\u00f3n Estatal, Gilberto de los Santos Cruz, destac\u00f3 la relevancia de estos espacios formativos para promover una educaci\u00f3n integral en sexualidad y desarrollar competencias que permitan actuar de manera informada, sensible y oportuna. Subray\u00f3 que estas acciones se alinean con la pol\u00edtica p\u00fablica del gobernador Eduardo Ram\u00edrez Aguilar, orientada a garantizar entornos de igualdad, protecci\u00f3n a la infancia y prevenci\u00f3n de la violencia.<\/p>\n<p>&nbsp;<\/p>\n<p>\u201cLa educaci\u00f3n no solo transforma vidas; tambi\u00e9n tiene el poder de protegerlas. Nuestro compromiso es garantizar entornos escolares seguros, donde cuidemos el bienestar de nuestras ni\u00f1as y adolescentes desde una mirada humana, profesional y responsable\u201d, mencion\u00f3.<\/p>\n<p>&nbsp;<\/p>\n<p>Como parte del trabajo interinstitucional entre los sectores educativo y de salud, Ver\u00f3nica Duarte Villafa\u00f1a, enlace de la Unidad de Desarrollo de Capacidades de la Subdirecci\u00f3n de Salud de la Mujer, enfatiz\u00f3 la importancia de que el personal docente distinga las diferencias entre el embarazo temprano y el embarazo infantil, as\u00ed como sus implicaciones individuales, familiares y sociales, considerando adem\u00e1s los distintos tipos de violencia asociados.<\/p>\n<p>&nbsp;<\/p>\n<p>Este an\u00e1lisis, indic\u00f3, debe realizarse en apego a la Estrategia Nacional para la Prevenci\u00f3n del Embarazo en Ni\u00f1as y Adolescentes (Enapea) y a las directrices de la Organizaci\u00f3n Mundial de la Salud (OMS).<\/p>\n<p>&nbsp;<\/p>\n<p>Asimismo, explic\u00f3 el impacto f\u00edsico y psicosocial que conlleva un embarazo durante la juventud y concluy\u00f3: \u201cLa educaci\u00f3n integral en sexualidad es nuestra ruta m\u00e1s segura. Desde la informaci\u00f3n podemos construir caminos de prevenci\u00f3n y bienestar para todas\u201d.<\/p>\n<p>&nbsp;<\/p>\n<p>La jornada cont\u00f3 con la participaci\u00f3n de las integrantes de la Unidad de G\u00e9nero de la Secretar\u00eda de Educaci\u00f3n: Harumy Nayeli Figueroa Garc\u00eda, directora de Evaluaci\u00f3n de Programas Institucionales; Selene Lucero Aguilar Gordillo, jefa del Departamento de Estudios y Proyectos, as\u00ed como Virginia Robles Rojas, representante de la Secretar\u00eda de Igualdad de la Mujer; Brenda D\u00edaz Guti\u00e9rrez, enlace de la Direcci\u00f3n de Educaci\u00f3n B\u00e1sica; jefes de ense\u00f1anza, ATP, directivos y docentes de distintos centros educativos del estado.<\/p>\n<p>&nbsp;<\/p>\n<p>Tambi\u00e9n participaron \u00e1reas especializadas de la Subdirecci\u00f3n de Salud de la Mujer, entre ellas: Menstruaci\u00f3n Digna, Salud Sexual y Reproductiva para Adolescentes, Planificaci\u00f3n Familiar, Violencia, Aborto y VIH, reforzando as\u00ed una mirada integral para la prevenci\u00f3n y el acompa\u00f1amiento.<\/p>\n<p>&nbsp;<\/p>\n<p>La Secretar\u00eda de Educaci\u00f3n, liderada por Roger Mandujano, reafirma que la protecci\u00f3n y bienestar de ni\u00f1as y adolescentes es una prioridad en la agenda de transformaci\u00f3n educativa. La creaci\u00f3n de entornos seguros es una responsabilidad institucional y una tarea colectiva que exige sensibilidad, formaci\u00f3n y trabajo permanente.<\/p>\n","protected":false},"excerpt":{"rendered":"<p>&nbsp; &nbsp; Se construyen entornos educativos sensibles, informados y libres de violencia &nbsp; Como parte&#8230;<\/p>\n","protected":false},"author":2,"featured_media":33785,"comment_status":"closed","ping_status":"closed","sticky":false,"template":"","format":"standard","meta":{"_joinchat":[],"footnotes":""},"categories":[18,1,2,3],"tags":[],"class_list":["post-33784","post","type-post","status-publish","format-standard","has-post-thumbnail","hentry","category-almomento","category-boletin","category-estado","category-health"],"_links":{"self":[{"href":"https:\/\/icoinformativo.mx\/home\/index.php?rest_route=\/wp\/v2\/posts\/33784","targetHints":{"allow":["GET"]}}],"collection":[{"href":"https:\/\/icoinformativo.mx\/home\/index.php?rest_route=\/wp\/v2\/posts"}],"about":[{"href":"https:\/\/icoinformativo.mx\/home\/index.php?rest_route=\/wp\/v2\/types\/post"}],"author":[{"embeddable":true,"href":"https:\/\/icoinformativo.mx\/home\/index.php?rest_route=\/wp\/v2\/users\/2"}],"replies":[{"embeddable":true,"href":"https:\/\/icoinformativo.mx\/home\/index.php?rest_route=%2Fwp%2Fv2%2Fcomments&post=33784"}],"version-history":[{"count":1,"href":"https:\/\/icoinformativo.mx\/home\/index.php?rest_route=\/wp\/v2\/posts\/33784\/revisions"}],"predecessor-version":[{"id":33786,"href":"https:\/\/icoinformativo.mx\/home\/index.php?rest_route=\/wp\/v2\/posts\/33784\/revisions\/33786"}],"wp:featuredmedia":[{"embeddable":true,"href":"https:\/\/icoinformativo.mx\/home\/index.php?rest_route=\/wp\/v2\/media\/33785"}],"wp:attachment":[{"href":"https:\/\/icoinformativo.mx\/home\/index.php?rest_route=%2Fwp%2Fv2%2Fmedia&parent=33784"}],"wp:term":[{"taxonomy":"category","embeddable":true,"href":"https:\/\/icoinformativo.mx\/home\/index.php?rest_route=%2Fwp%2Fv2%2Fcategories&post=33784"},{"taxonomy":"post_tag","embeddable":true,"href":"https:\/\/icoinformativo.mx\/home\/index.php?rest_route=%2Fwp%2Fv2%2Ftags&post=33784"}],"curies":[{"name":"wp","href":"https:\/\/api.w.org\/{rel}","templated":true}]}}