{"id":33781,"date":"2025-12-11T04:10:40","date_gmt":"2025-12-11T04:10:40","guid":{"rendered":"https:\/\/icoinformativo.mx\/home\/?p=33781"},"modified":"2025-12-11T04:10:40","modified_gmt":"2025-12-11T04:10:40","slug":"chiapas-presente-en-la-2a-reunion-nacional-de-cultura-2025","status":"publish","type":"post","link":"https:\/\/icoinformativo.mx\/home\/?p=33781","title":{"rendered":"Chiapas presente en la 2\u00aa Reuni\u00f3n Nacional de Cultura 2025"},"content":{"rendered":"<p>&nbsp;<\/p>\n<p>A trav\u00e9s del Coneculta se destac\u00f3 la importancia de la cultura como herramienta de cohesi\u00f3n social y de acceso equitativo<\/p>\n<p>Quintana Roo, M\u00e9xico.- El Consejo Estatal para las Culturas y las Artes de Chiapas (Coneculta) particip\u00f3 activamente en la 2\u00aa Reuni\u00f3n Nacional de Cultura (RNC) 2025, celebrada los d\u00edas 8 y 9 de diciembre en el Centro de Convenciones de Quintana Roo, encuentro que reuni\u00f3 a titulares de cultura de todo el pa\u00eds para fortalecer la coordinaci\u00f3n entre estados y federaci\u00f3n, evaluar avances y trazar rutas comunes hacia el pleno ejercicio de los derechos culturales.<\/p>\n<p>Durante la sesi\u00f3n plenaria, la titular del Coneculta, Ang\u00e9lica Altuzar Constantino, comparti\u00f3 las experiencias de Chiapas en torno a los festivales art\u00edsticos y al programa de cultura trashumante \u201cCon las letras la luz\u201d, iniciativa que a trav\u00e9s de un escenario m\u00f3vil lleva actividades culturales y literarias a comunidades con poco o nulo acceso a las distintas expresiones art\u00edsticas y a los espacios de interacci\u00f3n cultural.<\/p>\n<p>En su intervenci\u00f3n destac\u00f3 la importancia de la cultura como herramienta de cohesi\u00f3n social y de acceso equitativo, subrayando el compromiso del estado por recuperar espacios y acercar la creaci\u00f3n art\u00edstica a todas las personas.<\/p>\n<p>En tanto, en las mesas de trabajo, Chiapas particip\u00f3 en los ejes de cultura comunitaria y cultura para la paz, territorio e interculturalidad, fomento a la lectura y econom\u00eda creativa, compartiendo diagn\u00f3sticos y experiencias que fortalecen la pol\u00edtica cultural nacional.<\/p>\n<p>Adem\u00e1s, durante el segundo d\u00eda de participaci\u00f3n refrend\u00f3 su compromiso con la cultura como motor de paz y desarrollo, respaldada por el gobernador Eduardo Ram\u00edrez Aguilar, por lo tanto; Altuzar Constantino expuso las mejores pr\u00e1cticas del Coneculta destacando c\u00f3mo la recuperaci\u00f3n de la paz en el estado ha permitido revitalizar espacios culturales y abrir nuevas oportunidades para la participaci\u00f3n ciudadana.<\/p>\n<p>Cabe destacar que la retroalimentaci\u00f3n con hom\u00f3logos de otras entidades permiti\u00f3 enriquecer estrategias y consolidar acuerdos que fortalecer\u00e1n la gesti\u00f3n cultural en todo el pa\u00eds.<\/p>\n<p>La Reuni\u00f3n Nacional de Cultura 2025 fue inaugurada por la secretaria de Cultura del Gobierno de M\u00e9xico, Claudia Curiel de Icaza, y la gobernadora de Quintana Roo, Mara Lezama Espinosa, quienes subrayaron la relevancia de este espacio para visibilizar la diversidad cultural y construir acuerdos comunes, junto con la directora general del Instituto de Cultura y Artes de Quintana Roo, Lilian Villanueva.<\/p>\n<p>Con la participaci\u00f3n de Chiapas, se reafirma el compromiso del estado con la transformaci\u00f3n cultural de M\u00e9xico, colocando en el centro a las comunidades, la paz y la creatividad como pilares de un futuro compartido.<\/p>\n","protected":false},"excerpt":{"rendered":"<p>&nbsp; A trav\u00e9s del Coneculta se destac\u00f3 la importancia de la cultura como herramienta de&#8230;<\/p>\n","protected":false},"author":2,"featured_media":33782,"comment_status":"closed","ping_status":"closed","sticky":false,"template":"","format":"standard","meta":{"_joinchat":[],"footnotes":""},"categories":[18,1,2,3],"tags":[],"class_list":["post-33781","post","type-post","status-publish","format-standard","has-post-thumbnail","hentry","category-almomento","category-boletin","category-estado","category-health"],"_links":{"self":[{"href":"https:\/\/icoinformativo.mx\/home\/index.php?rest_route=\/wp\/v2\/posts\/33781","targetHints":{"allow":["GET"]}}],"collection":[{"href":"https:\/\/icoinformativo.mx\/home\/index.php?rest_route=\/wp\/v2\/posts"}],"about":[{"href":"https:\/\/icoinformativo.mx\/home\/index.php?rest_route=\/wp\/v2\/types\/post"}],"author":[{"embeddable":true,"href":"https:\/\/icoinformativo.mx\/home\/index.php?rest_route=\/wp\/v2\/users\/2"}],"replies":[{"embeddable":true,"href":"https:\/\/icoinformativo.mx\/home\/index.php?rest_route=%2Fwp%2Fv2%2Fcomments&post=33781"}],"version-history":[{"count":1,"href":"https:\/\/icoinformativo.mx\/home\/index.php?rest_route=\/wp\/v2\/posts\/33781\/revisions"}],"predecessor-version":[{"id":33783,"href":"https:\/\/icoinformativo.mx\/home\/index.php?rest_route=\/wp\/v2\/posts\/33781\/revisions\/33783"}],"wp:featuredmedia":[{"embeddable":true,"href":"https:\/\/icoinformativo.mx\/home\/index.php?rest_route=\/wp\/v2\/media\/33782"}],"wp:attachment":[{"href":"https:\/\/icoinformativo.mx\/home\/index.php?rest_route=%2Fwp%2Fv2%2Fmedia&parent=33781"}],"wp:term":[{"taxonomy":"category","embeddable":true,"href":"https:\/\/icoinformativo.mx\/home\/index.php?rest_route=%2Fwp%2Fv2%2Fcategories&post=33781"},{"taxonomy":"post_tag","embeddable":true,"href":"https:\/\/icoinformativo.mx\/home\/index.php?rest_route=%2Fwp%2Fv2%2Ftags&post=33781"}],"curies":[{"name":"wp","href":"https:\/\/api.w.org\/{rel}","templated":true}]}}