{"id":33778,"date":"2025-12-11T04:06:50","date_gmt":"2025-12-11T04:06:50","guid":{"rendered":"https:\/\/icoinformativo.mx\/home\/?p=33778"},"modified":"2025-12-11T04:06:50","modified_gmt":"2025-12-11T04:06:50","slug":"smyt-tiene-como-eje-central-a-las-personas","status":"publish","type":"post","link":"https:\/\/icoinformativo.mx\/home\/?p=33778","title":{"rendered":"SMyT tiene como eje central a las personas"},"content":{"rendered":"<p>&nbsp;<\/p>\n<p>&nbsp;<\/p>\n<p>Atenci\u00f3n para la sociedad con discapacidad<\/p>\n<p>Transporte debe ser seguro e incluyente<\/p>\n<p>&nbsp;<\/p>\n<p>&nbsp;<\/p>\n<p>Tuxtla Guti\u00e9rrez, Chiapas; 10 de diciembre de 2025.- En un ejercicio de transparencia, responsabilidad p\u00fablica y rendici\u00f3n de cuentas, la titular de la Secretar\u00eda de Movilidad y Transporte (SMyT), Albania Gonz\u00e1lez P\u00f3lito, compareci\u00f3 ante la Comisi\u00f3n de Movilidad y Transporte del Congreso del Estado de Chiapas para detallar los avances, retos y perspectivas del sector, en el marco de la glosa del Primer Informe de Gobierno del gobernador Eduardo Ram\u00edrez Aguilar.<\/p>\n<p>&nbsp;<\/p>\n<p>Durante su intervenci\u00f3n, ante la Comisi\u00f3n de Movilidad y Transporte de la LXIX Legislatura local, la secretaria destac\u00f3 que la movilidad en Chiapas transita hacia un modelo m\u00e1s humano, sostenible y seguro, alineado con la Agenda 2030, la Estrategia Nacional de Movilidad y Seguridad Vial, as\u00ed como con el Plan Estatal de Desarrollo 2025\u20132030, que prioriza el ordenamiento territorial, la inclusi\u00f3n social y la seguridad vial como ejes rectores.<\/p>\n<p>&nbsp;<\/p>\n<p>Inform\u00f3 ante las diputadas y diputados que, en este periodo, la SMyT brind\u00f3 atenci\u00f3n a m\u00e1s de 31 mil 800 personas, entre concesionarios, operadores y poblaci\u00f3n usuaria, fortaleciendo el servicio p\u00fablico con orden, legalidad y un trato digno. Subray\u00f3 que este logro refleja el compromiso del Gobierno del Estado por construir un sistema de movilidad m\u00e1s eficiente y accesible.<\/p>\n<p>&nbsp;<\/p>\n<p>En materia de planificaci\u00f3n y movilidad urbana, expuso que la dependencia desarroll\u00f3 estudios estrat\u00e9gicos con acompa\u00f1amiento de organismos como UNOPS y el Banco Interamericano de Desarrollo, lo que permiti\u00f3 actualizar diagn\u00f3sticos de viaje y demanda en las principales ciudades.<\/p>\n<p>&nbsp;<\/p>\n<p>M\u00e1s adelante, expuso que Tuxtla Guti\u00e9rrez cuenta por primera vez con un estudio origen\u2013destino basado en Big Data, herramienta que permitir\u00e1 planificar proyectos de transporte masivo e integraci\u00f3n modal.<\/p>\n<p>&nbsp;<\/p>\n<p>Inform\u00f3 tambi\u00e9n sobre los avances en el dise\u00f1o de \u201ccalles completas\u201d en Tuxtla Guti\u00e9rrez, Tapachula, San Crist\u00f3bal de Las Casas y Chiapa de Corzo; as\u00ed como en el proyecto de movilidad por cable para la capital, que busca reducir tiempos de traslado y llevar transporte eficiente a zonas con rezago.<\/p>\n<p>&nbsp;<\/p>\n<p>En el rengl\u00f3n de inclusi\u00f3n, destac\u00f3 la operaci\u00f3n de 112 unidades adaptadas para personas con discapacidad en 66 municipios, adem\u00e1s de intervenciones de urbanismo t\u00e1ctico que mejoran entornos escolares y comunitarios. Ante el Pleno, subray\u00f3 la importancia de estos esfuerzos para garantizar una movilidad equitativa y accesible.<\/p>\n<p>&nbsp;<\/p>\n<p>Respecto al ordenamiento del transporte p\u00fablico, detall\u00f3 que se realizaron 45 mil 664 supervisiones para inhibir la irregularidad y proteger a las y los usuarios, adem\u00e1s de avanzar en la regularizaci\u00f3n de concesiones y permisos temporales. Se\u00f1al\u00f3 que esta estrategia permite mayor control, seguridad y eficiencia operativa.<\/p>\n<p>&nbsp;<\/p>\n<p>La servidora del pueblo a\u00f1adi\u00f3 que m\u00e1s de 3 mil 200 operadores fueron capacitados en conducci\u00f3n segura, trato digno, prevenci\u00f3n de violencia y cultura de legalidad. Con el programa \u201cAnfitriones en Movimiento\u201d, se fortaleci\u00f3 la profesionalizaci\u00f3n de taxistas en destinos tur\u00edsticos, mejorando la atenci\u00f3n al visitante y la imagen del estado.<\/p>\n<p>&nbsp;<\/p>\n<p>En materia a\u00e9rea, dio a conocer que el Aeropuerto Internacional \u00c1ngel Albino Corzo registr\u00f3 1.59 millones de pasajeros, un incremento del 1.37 %, consolidando adem\u00e1s rutas regionales operadas por AeroBalam, lo que impulsa la conectividad y el crecimiento econ\u00f3mico; as\u00ed mismo, present\u00f3 los avances del sistema digital SIRECOT, que concentra un padr\u00f3n de 16 mil 500 concesionados y fortalece la legalidad en los tr\u00e1mites.<\/p>\n<p>&nbsp;<\/p>\n<p>Durante su intervenci\u00f3n, la titular de la dependencia resalt\u00f3 la consolidaci\u00f3n de estudios estrat\u00e9gicos en la zona metropolitana de Tuxtla Guti\u00e9rrez, realizados con el acompa\u00f1amiento de UNOPS y financiamiento del BID, que permiten comprender el comportamiento de 226 mil viajes diarios y avanzar hacia una movilidad urbana m\u00e1s eficiente.<\/p>\n<p>&nbsp;<\/p>\n<p>Se inform\u00f3 al la Comisi\u00f3n, sobre la conclusi\u00f3n de los estudios de factibilidad del sistema de transporte por cable (Cablebus), para Tuxtla Guti\u00e9rrez, adem\u00e1s del dise\u00f1o de proyectos de \u201ccalles completas\u201d en los principales corredores urbanos de Tuxtla, Tapachula y San Crist\u00f3bal. Tambi\u00e9n se destac\u00f3 la consolidaci\u00f3n del Paseo Sabinal como eje de movilidad activa y la elaboraci\u00f3n de diagn\u00f3sticos ciclistas en colaboraci\u00f3n con organismos especializados.<\/p>\n<p>&nbsp;<\/p>\n<p>En movilidad incluyente, se reorganiz\u00f3 la operaci\u00f3n de 112 unidades adaptadas en 66 municipios y se realizaron intervenciones de urbanismo t\u00e1ctico en entornos escolares y comunitarios. En materia de g\u00e9nero, se reforzaron acciones derivadas de la Alerta de Violencia de G\u00e9nero y se impuls\u00f3 el proyecto de paradas seguras para mujeres.<\/p>\n<p>&nbsp;<\/p>\n<p>La SMyT tambi\u00e9n report\u00f3 avances en la regularizaci\u00f3n y supervisi\u00f3n del transporte p\u00fablico, con 45,664 acciones en campo, as\u00ed como mejoras en modernizaci\u00f3n administrativa mediante la depuraci\u00f3n de expedientes y el fortalecimiento del sistema digital SIRECOT.<\/p>\n<p>&nbsp;<\/p>\n<p>La Secretar\u00eda de Movilidad y Transporte reconoci\u00f3 ante las y los legisladores el liderazgo del gobernador Eduardo Ram\u00edrez Aguilar, quien ha marcado las bases de una pol\u00edtica p\u00fablica moderna, transparente y profundamente humana y precis\u00f3 que gracias a su visi\u00f3n estrat\u00e9gica<\/p>\n<p>se han sentado los cimientos para transformar la movilidad en Chiapas, priorizando la seguridad, el orden y el servicio digno a la poblaci\u00f3n.<\/p>\n<p>&nbsp;<\/p>\n<p>Asimismo, se destac\u00f3 que la conducci\u00f3n del titular del Ejecutivo ha permitido fortalecer la coordinaci\u00f3n interinstitucional, consolidar procesos administrativos y avanzar hacia un modelo de movilidad sostenible y acorde con los nuevos desaf\u00edos del estado. Bajo su gu\u00eda, la Secretar\u00eda reafirma su compromiso de seguir trabajando con responsabilidad, claridad y cercan\u00eda a la ciudadan\u00eda.<\/p>\n<p>&nbsp;<\/p>\n<p>La comparecencia concluy\u00f3 con el reconocimiento de que la movilidad es un derecho humano y un pilar del desarrollo, reiterando que Chiapas avanza con firmeza hacia un sistema m\u00e1s ordenado, seguro y sostenible, acorde con los principios de la Nueva ERA.<\/p>\n","protected":false},"excerpt":{"rendered":"<p>&nbsp; &nbsp; Atenci\u00f3n para la sociedad con discapacidad Transporte debe ser seguro e incluyente &nbsp;&#8230;<\/p>\n","protected":false},"author":2,"featured_media":33779,"comment_status":"closed","ping_status":"closed","sticky":false,"template":"","format":"standard","meta":{"_joinchat":[],"footnotes":""},"categories":[18,1,2,3],"tags":[],"class_list":["post-33778","post","type-post","status-publish","format-standard","has-post-thumbnail","hentry","category-almomento","category-boletin","category-estado","category-health"],"_links":{"self":[{"href":"https:\/\/icoinformativo.mx\/home\/index.php?rest_route=\/wp\/v2\/posts\/33778","targetHints":{"allow":["GET"]}}],"collection":[{"href":"https:\/\/icoinformativo.mx\/home\/index.php?rest_route=\/wp\/v2\/posts"}],"about":[{"href":"https:\/\/icoinformativo.mx\/home\/index.php?rest_route=\/wp\/v2\/types\/post"}],"author":[{"embeddable":true,"href":"https:\/\/icoinformativo.mx\/home\/index.php?rest_route=\/wp\/v2\/users\/2"}],"replies":[{"embeddable":true,"href":"https:\/\/icoinformativo.mx\/home\/index.php?rest_route=%2Fwp%2Fv2%2Fcomments&post=33778"}],"version-history":[{"count":1,"href":"https:\/\/icoinformativo.mx\/home\/index.php?rest_route=\/wp\/v2\/posts\/33778\/revisions"}],"predecessor-version":[{"id":33780,"href":"https:\/\/icoinformativo.mx\/home\/index.php?rest_route=\/wp\/v2\/posts\/33778\/revisions\/33780"}],"wp:featuredmedia":[{"embeddable":true,"href":"https:\/\/icoinformativo.mx\/home\/index.php?rest_route=\/wp\/v2\/media\/33779"}],"wp:attachment":[{"href":"https:\/\/icoinformativo.mx\/home\/index.php?rest_route=%2Fwp%2Fv2%2Fmedia&parent=33778"}],"wp:term":[{"taxonomy":"category","embeddable":true,"href":"https:\/\/icoinformativo.mx\/home\/index.php?rest_route=%2Fwp%2Fv2%2Fcategories&post=33778"},{"taxonomy":"post_tag","embeddable":true,"href":"https:\/\/icoinformativo.mx\/home\/index.php?rest_route=%2Fwp%2Fv2%2Ftags&post=33778"}],"curies":[{"name":"wp","href":"https:\/\/api.w.org\/{rel}","templated":true}]}}