{"id":33774,"date":"2025-12-02T03:30:16","date_gmt":"2025-12-02T03:30:16","guid":{"rendered":"https:\/\/icoinformativo.mx\/home\/?p=33774"},"modified":"2025-12-02T03:30:16","modified_gmt":"2025-12-02T03:30:16","slug":"celebran-festival-internacional-marca-chiapas-2025","status":"publish","type":"post","link":"https:\/\/icoinformativo.mx\/home\/?p=33774","title":{"rendered":"Celebran Festival Internacional Marca Chiapas 2025"},"content":{"rendered":"<p>&nbsp;<\/p>\n<p>&nbsp;<\/p>\n<p>&nbsp;<\/p>\n<p>Entregan placa conmemorativa de la Indicaci\u00f3n Geogr\u00e1fica del Caf\u00e9 de Tenejapa y Queso de Bola de Ocosingo<\/p>\n<p>Premian a ganadores del concurso de cocteler\u00eda inspirada en las bebidas tradicionales Pox y Comiteco<\/p>\n<p>&nbsp;<\/p>\n<p>En representaci\u00f3n del gobernador Eduardo Ram\u00edrez Aguilar, el secretario de Econom\u00eda y del Trabajo, Luis Pedrero Gonz\u00e1lez, encabez\u00f3 la inauguraci\u00f3n del Festival Internacional Marca Chiapas 2025, desde San Crist\u00f3bal de Las Casas.<\/p>\n<p>&nbsp;<\/p>\n<p>Durante el acto protocolario del festival, se llev\u00f3 a cabo la entrega de la placa conmemorativa de la Indicaci\u00f3n Geogr\u00e1fica del Caf\u00e9 de Tenejapa, as\u00ed como del Queso de Bola de Ocosingo, a cargo de la directora general adjunta de los Servicios de Apoyo del IMPI, Guadalupe Itzi Guari Hurtado Ba\u00f1uelos; en representaci\u00f3n del director general del Instituto Mexicano de la Propiedad Industrial (IMPI), Santiago Nieto Castillo.<\/p>\n<p>&nbsp;<\/p>\n<p>Esto representa un reconocimiento hist\u00f3rico al valor, origen y calidad del caf\u00e9 chiapaneco, consolidando su posicionamiento a nivel nacional e internacional y fortaleciendo el compromiso del Gobierno del Estado con la promoci\u00f3n de los productos con identidad y origen certificado. En esta edici\u00f3n, se entregaron premios monetarios a los ganadores del concurso de cocteler\u00eda, competencia inspirada en las bebidas tradicionales chiapanecas Pox y Comiteco, integrando innovaci\u00f3n con identidad local.<\/p>\n<p>&nbsp;<\/p>\n<p>En este mismo tenor, Pedrero Gonz\u00e1lez encabez\u00f3 el corte de list\u00f3n de la Expo y Venta Marca Chiapas, un espacio que impulsa el talento, los productos y la identidad del estado. Estos espacios fortalecen la proyecci\u00f3n de Chiapas y abre oportunidades para nuestras y nuestros productores.<\/p>\n<p>&nbsp;<\/p>\n<p>Asimismo, se pudo disfrutar con la cata de Pox y de Queso de Bola de Ocosingo, viviendo una experiencia \u00fanica para el paladar; el festival concluy\u00f3 el recorrido cultural con m\u00fasica en vivo, degustaciones y la participaci\u00f3n de invitados especiales, mostrando la esencia tur\u00edstica y festiva de la ciudad.<\/p>\n<p>&nbsp;<\/p>\n<p>Cabe destacar que la Estrategia Marca Chiapas es una iniciativa conjunta de la sociedad civil y del Gobierno del Estado creada para fortalecer a empresas chiapanecas con productos y servicios de calidad, generando estrategias para el impulso de sus negocios, otorgando el signo distintivo M\u00e9xico\u2013Chiapas Original con el prop\u00f3sito de posicionar una marca de largo alcance que represente identidad y calidad.<\/p>\n<p>&nbsp;<\/p>\n<p>\u201cGracias al Gobierno del Estado, que encabeza el gobernador Eduardo Ram\u00edrez Aguilar, por apoyar al fortalecimiento de la identidad chiapaneca y fomentar el desarrollo econ\u00f3mico, social y cultural de nuestro estado. Agradecemos la participaci\u00f3n de Edgar Armando Guti\u00e9rrez Gir\u00f3n, embajador de Guatemala, que en esta ocasi\u00f3n fue el pa\u00eds invitado de honor, as\u00ed como el apoyo incondicional del Ayuntamiento de San Crist\u00f3bal de Las Casas, representado por Fabiola Ricci Diestel, y de los integrantes del Consejo Regulador Marca Chiapas\u201d, concluy\u00f3 Pedrero Gonz\u00e1lez.<\/p>\n","protected":false},"excerpt":{"rendered":"<p>&nbsp; &nbsp; &nbsp; Entregan placa conmemorativa de la Indicaci\u00f3n Geogr\u00e1fica del Caf\u00e9 de Tenejapa y&#8230;<\/p>\n","protected":false},"author":2,"featured_media":33775,"comment_status":"closed","ping_status":"closed","sticky":false,"template":"","format":"standard","meta":{"_joinchat":[],"footnotes":""},"categories":[18,1,2,3],"tags":[],"class_list":["post-33774","post","type-post","status-publish","format-standard","has-post-thumbnail","hentry","category-almomento","category-boletin","category-estado","category-health"],"_links":{"self":[{"href":"https:\/\/icoinformativo.mx\/home\/index.php?rest_route=\/wp\/v2\/posts\/33774","targetHints":{"allow":["GET"]}}],"collection":[{"href":"https:\/\/icoinformativo.mx\/home\/index.php?rest_route=\/wp\/v2\/posts"}],"about":[{"href":"https:\/\/icoinformativo.mx\/home\/index.php?rest_route=\/wp\/v2\/types\/post"}],"author":[{"embeddable":true,"href":"https:\/\/icoinformativo.mx\/home\/index.php?rest_route=\/wp\/v2\/users\/2"}],"replies":[{"embeddable":true,"href":"https:\/\/icoinformativo.mx\/home\/index.php?rest_route=%2Fwp%2Fv2%2Fcomments&post=33774"}],"version-history":[{"count":1,"href":"https:\/\/icoinformativo.mx\/home\/index.php?rest_route=\/wp\/v2\/posts\/33774\/revisions"}],"predecessor-version":[{"id":33776,"href":"https:\/\/icoinformativo.mx\/home\/index.php?rest_route=\/wp\/v2\/posts\/33774\/revisions\/33776"}],"wp:featuredmedia":[{"embeddable":true,"href":"https:\/\/icoinformativo.mx\/home\/index.php?rest_route=\/wp\/v2\/media\/33775"}],"wp:attachment":[{"href":"https:\/\/icoinformativo.mx\/home\/index.php?rest_route=%2Fwp%2Fv2%2Fmedia&parent=33774"}],"wp:term":[{"taxonomy":"category","embeddable":true,"href":"https:\/\/icoinformativo.mx\/home\/index.php?rest_route=%2Fwp%2Fv2%2Fcategories&post=33774"},{"taxonomy":"post_tag","embeddable":true,"href":"https:\/\/icoinformativo.mx\/home\/index.php?rest_route=%2Fwp%2Fv2%2Ftags&post=33774"}],"curies":[{"name":"wp","href":"https:\/\/api.w.org\/{rel}","templated":true}]}}