{"id":33771,"date":"2025-12-02T03:26:12","date_gmt":"2025-12-02T03:26:12","guid":{"rendered":"https:\/\/icoinformativo.mx\/home\/?p=33771"},"modified":"2025-12-02T03:26:12","modified_gmt":"2025-12-02T03:26:12","slug":"humanismo-en-tu-colonia-fortalece-el-tejido-social-la-convivencia-y-la-union-familiar-paco-chacon","status":"publish","type":"post","link":"https:\/\/icoinformativo.mx\/home\/?p=33771","title":{"rendered":"\u201cHumanismo en tu Colonia\u201d fortalece el tejido social, la convivencia y la uni\u00f3n familiar: Paco Chac\u00f3n"},"content":{"rendered":"<p>&nbsp;<\/p>\n<p>En las colonias CCI y El Jobo se desarrollaron actividades con talleres, cursos y actividades infantiles que fortalecieron la participaci\u00f3n comunitaria<\/p>\n<p>&nbsp;<\/p>\n<p>A trav\u00e9s del programa \u201cHumanismo en tu Colonia\u201d, este fin de semana los Comedores del Humanismo de las colonias CCI y El Jobo se convirtieron en espacios llenos de convivencia, armon\u00eda y participaci\u00f3n familiar. Actividades formativas, recreativas y comunitarias acercaron a ni\u00f1as, ni\u00f1os, j\u00f3venes y madres de familia a momentos que fortalecen el tejido social.<\/p>\n<p>&nbsp;<\/p>\n<p>Durante su visita a la colonia CCI, el secretario del Humanismo, Francisco Chac\u00f3n, destac\u00f3 que gracias al impulso del gobernador Eduardo Ram\u00edrez, los Comedores del Humanismo se han convertido en espacios de convivencia y aprendizaje para las familias. \u201cCada taller y cada din\u00e1mica fortalecen a nuestra comunidad; ese es el esp\u00edritu del humanismo y el compromiso de construir cercan\u00eda y servicio en cada colonia\u201d, expres\u00f3.<\/p>\n<p>&nbsp;<\/p>\n<p>En esta colonia las ni\u00f1as, ni\u00f1os y j\u00f3venes participaron en el Taller de Prevenci\u00f3n Social \u201cHabilidades para la Vida\u201d, mientras que las mam\u00e1s asistieron a un curso de elaboraci\u00f3n de velas. La jornada concluy\u00f3 con la pel\u00edcula \u201cExtraordinario\u201d, que dej\u00f3 reflexiones y emociones compartidas.<\/p>\n<p>&nbsp;<\/p>\n<p>En la colonia El Jobo, las actividades incluyeron un taller de bordado para las mam\u00e1s, as\u00ed como din\u00e1micas infantiles con el payasito Preventin, quien comparti\u00f3 mensajes sobre valores y autoestima. La jornada cerr\u00f3 con la proyecci\u00f3n de la pel\u00edcula \u201cMi pobre angelito\u201d.<\/p>\n<p>&nbsp;<\/p>\n<p>Francisco Chac\u00f3n anunci\u00f3 que estas actividades continuar\u00e1n realiz\u00e1ndose cada fin de semana e invit\u00f3 a la ciudadan\u00eda a mantenerse informada a trav\u00e9s de las redes sociales oficiales en Facebook: Secretar\u00eda del Humanismo.<\/p>\n","protected":false},"excerpt":{"rendered":"<p>&nbsp; En las colonias CCI y El Jobo se desarrollaron actividades con talleres, cursos y&#8230;<\/p>\n","protected":false},"author":2,"featured_media":33772,"comment_status":"closed","ping_status":"closed","sticky":false,"template":"","format":"standard","meta":{"_joinchat":[],"footnotes":""},"categories":[18,1,2,3],"tags":[],"class_list":["post-33771","post","type-post","status-publish","format-standard","has-post-thumbnail","hentry","category-almomento","category-boletin","category-estado","category-health"],"_links":{"self":[{"href":"https:\/\/icoinformativo.mx\/home\/index.php?rest_route=\/wp\/v2\/posts\/33771","targetHints":{"allow":["GET"]}}],"collection":[{"href":"https:\/\/icoinformativo.mx\/home\/index.php?rest_route=\/wp\/v2\/posts"}],"about":[{"href":"https:\/\/icoinformativo.mx\/home\/index.php?rest_route=\/wp\/v2\/types\/post"}],"author":[{"embeddable":true,"href":"https:\/\/icoinformativo.mx\/home\/index.php?rest_route=\/wp\/v2\/users\/2"}],"replies":[{"embeddable":true,"href":"https:\/\/icoinformativo.mx\/home\/index.php?rest_route=%2Fwp%2Fv2%2Fcomments&post=33771"}],"version-history":[{"count":1,"href":"https:\/\/icoinformativo.mx\/home\/index.php?rest_route=\/wp\/v2\/posts\/33771\/revisions"}],"predecessor-version":[{"id":33773,"href":"https:\/\/icoinformativo.mx\/home\/index.php?rest_route=\/wp\/v2\/posts\/33771\/revisions\/33773"}],"wp:featuredmedia":[{"embeddable":true,"href":"https:\/\/icoinformativo.mx\/home\/index.php?rest_route=\/wp\/v2\/media\/33772"}],"wp:attachment":[{"href":"https:\/\/icoinformativo.mx\/home\/index.php?rest_route=%2Fwp%2Fv2%2Fmedia&parent=33771"}],"wp:term":[{"taxonomy":"category","embeddable":true,"href":"https:\/\/icoinformativo.mx\/home\/index.php?rest_route=%2Fwp%2Fv2%2Fcategories&post=33771"},{"taxonomy":"post_tag","embeddable":true,"href":"https:\/\/icoinformativo.mx\/home\/index.php?rest_route=%2Fwp%2Fv2%2Ftags&post=33771"}],"curies":[{"name":"wp","href":"https:\/\/api.w.org\/{rel}","templated":true}]}}