{"id":33765,"date":"2025-12-02T03:17:33","date_gmt":"2025-12-02T03:17:33","guid":{"rendered":"https:\/\/icoinformativo.mx\/home\/?p=33765"},"modified":"2025-12-02T03:17:33","modified_gmt":"2025-12-02T03:17:33","slug":"cecyt-35-el-porvenir-male-fortalece-la-educacion-cientifica-con-exposicion-de-proyectos","status":"publish","type":"post","link":"https:\/\/icoinformativo.mx\/home\/?p=33765","title":{"rendered":"Cecyt 35 El Porvenir Mal\u00e9 fortalece la educaci\u00f3n cient\u00edfica con exposici\u00f3n de proyectos"},"content":{"rendered":"<p>&nbsp;<\/p>\n<p>Jornada formativa que favorece la interacci\u00f3n entre instituciones educativas y la comunidad estudiantil<\/p>\n<p>&nbsp;<\/p>\n<p>El Colegio de Estudios Cient\u00edficos y Tecnol\u00f3gicos del Estado de Chiapas (Cecytech) Plantel 35 El Porvenir Mal\u00e9 llev\u00f3 a cabo la Semana de Ciencia y Tecnolog\u00eda, durante la cual se realiz\u00f3 una jornada de demostraci\u00f3n de prototipos y proyectos elaborados por alumnas, alumnos y docentes, con el objetivo de fomentar el pensamiento cient\u00edfico, la creatividad y la aplicaci\u00f3n pr\u00e1ctica de los conocimientos adquiridos en el aula.<\/p>\n<p>&nbsp;<\/p>\n<p>Al respecto, el director del plantel, Missael D\u00edaz Guti\u00e9rrez, destac\u00f3 que estas actividades permiten impulsar una formaci\u00f3n integral, al brindar espacios donde las y los estudiantes pueden poner en pr\u00e1ctica sus habilidades, desarrollar innovaci\u00f3n tecnol\u00f3gica y reforzar su vocaci\u00f3n acad\u00e9mica mediante experiencias reales de aprendizaje colaborativo.<\/p>\n<p>&nbsp;<\/p>\n<p>Asimismo, resalt\u00f3 la participaci\u00f3n del alumnado de las especialidades de Desarrollo Comunitario y Producci\u00f3n Industrial de Alimentos, quienes demostraron un alto sentido de responsabilidad social, compromiso acad\u00e9mico e iniciativa emprendedora, evidenciando la importancia de una educaci\u00f3n orientada a la pertinencia local y al desarrollo sostenible.<\/p>\n<p>&nbsp;<\/p>\n<p>Adem\u00e1s, agradeci\u00f3 a las y los docentes por su acompa\u00f1amiento acad\u00e9mico permanente, reconociendo su labor como pieza fundamental en la orientaci\u00f3n pedag\u00f3gica, la motivaci\u00f3n al alumnado y la consolidaci\u00f3n de una ense\u00f1anza vinculada con la innovaci\u00f3n y la pr\u00e1ctica tecnol\u00f3gica.<\/p>\n<p>&nbsp;<\/p>\n<p>De igual manera, expres\u00f3 su reconocimiento a la Direcci\u00f3n General del Cecytech, encabezada por Luis Guadalupe Morales \u00c1ngeles, por el respaldo institucional que fortalece la realizaci\u00f3n de actividades acad\u00e9micas que promueven la calidad educativa y el desarrollo de proyectos formativos en todos los planteles del subsistema.<\/p>\n<p>&nbsp;<\/p>\n<p>Cabe destacar que en este evento se cont\u00f3 con la asistencia de estudiantes y personal docente de la Escuela Telesecundaria 201 Jos\u00e9 Mart\u00ed y de la Escuela Telesecundaria Melchor Ocampo, quienes participaron como invitados especiales, conociendo de primera mano el trabajo presentado en esta Semana de Ciencia y Tecnolog\u00eda, celebraci\u00f3n que busca despertar vocaciones cient\u00edficas desde edades tempranas y fortalecer el enlace educativo entre instituciones del nivel b\u00e1sico y medio superior.<\/p>\n","protected":false},"excerpt":{"rendered":"<p>&nbsp; Jornada formativa que favorece la interacci\u00f3n entre instituciones educativas y la comunidad estudiantil &nbsp;&#8230;<\/p>\n","protected":false},"author":2,"featured_media":33766,"comment_status":"closed","ping_status":"closed","sticky":false,"template":"","format":"standard","meta":{"_joinchat":[],"footnotes":""},"categories":[18,1,2,3],"tags":[],"class_list":["post-33765","post","type-post","status-publish","format-standard","has-post-thumbnail","hentry","category-almomento","category-boletin","category-estado","category-health"],"_links":{"self":[{"href":"https:\/\/icoinformativo.mx\/home\/index.php?rest_route=\/wp\/v2\/posts\/33765","targetHints":{"allow":["GET"]}}],"collection":[{"href":"https:\/\/icoinformativo.mx\/home\/index.php?rest_route=\/wp\/v2\/posts"}],"about":[{"href":"https:\/\/icoinformativo.mx\/home\/index.php?rest_route=\/wp\/v2\/types\/post"}],"author":[{"embeddable":true,"href":"https:\/\/icoinformativo.mx\/home\/index.php?rest_route=\/wp\/v2\/users\/2"}],"replies":[{"embeddable":true,"href":"https:\/\/icoinformativo.mx\/home\/index.php?rest_route=%2Fwp%2Fv2%2Fcomments&post=33765"}],"version-history":[{"count":1,"href":"https:\/\/icoinformativo.mx\/home\/index.php?rest_route=\/wp\/v2\/posts\/33765\/revisions"}],"predecessor-version":[{"id":33767,"href":"https:\/\/icoinformativo.mx\/home\/index.php?rest_route=\/wp\/v2\/posts\/33765\/revisions\/33767"}],"wp:featuredmedia":[{"embeddable":true,"href":"https:\/\/icoinformativo.mx\/home\/index.php?rest_route=\/wp\/v2\/media\/33766"}],"wp:attachment":[{"href":"https:\/\/icoinformativo.mx\/home\/index.php?rest_route=%2Fwp%2Fv2%2Fmedia&parent=33765"}],"wp:term":[{"taxonomy":"category","embeddable":true,"href":"https:\/\/icoinformativo.mx\/home\/index.php?rest_route=%2Fwp%2Fv2%2Fcategories&post=33765"},{"taxonomy":"post_tag","embeddable":true,"href":"https:\/\/icoinformativo.mx\/home\/index.php?rest_route=%2Fwp%2Fv2%2Ftags&post=33765"}],"curies":[{"name":"wp","href":"https:\/\/api.w.org\/{rel}","templated":true}]}}