{"id":33762,"date":"2025-12-02T03:12:02","date_gmt":"2025-12-02T03:12:02","guid":{"rendered":"https:\/\/icoinformativo.mx\/home\/?p=33762"},"modified":"2025-12-02T03:12:02","modified_gmt":"2025-12-02T03:12:02","slug":"cobach-y-semuigen-convienen-acciones-para-prevenir-la-violencia","status":"publish","type":"post","link":"https:\/\/icoinformativo.mx\/home\/?p=33762","title":{"rendered":"Cobach y Semuigen convienen acciones para prevenir la violencia"},"content":{"rendered":"<p>&nbsp;<\/p>\n<p>Signan acuerdo de colaboraci\u00f3n en el marco de los 16 d\u00edas de activismo para la defensa de los derechos de las mujeres<\/p>\n<p>&nbsp;<\/p>\n<p>Tuxtla Guti\u00e9rrez, Chiapas; 1 de diciembre de 2025.- El Colegio de Bachilleres de Chiapas (Cobach) firm\u00f3 un convenio de colaboraci\u00f3n con la Secretar\u00eda de la Mujer e Igualdad de G\u00e9nero (Semuigen), con el objetivo de impulsar acciones que garanticen espacios seguros de respeto e igualdad para toda la comunidad estudiantil.<\/p>\n<p>&nbsp;<\/p>\n<p>La directora general del Cobach, Viridiana Figueroa Garc\u00eda, destac\u00f3 que este acuerdo reafirma el compromiso institucional de proteger a las y los j\u00f3venes, as\u00ed como de promover una cultura que prevenga y erradique cualquier tipo de violencia. Se\u00f1al\u00f3 que la participaci\u00f3n activa del personal docente y administrativo ser\u00e1 fundamental para consolidar estos esfuerzos.<\/p>\n<p>&nbsp;<\/p>\n<p>Por su parte, la titular de la Semuigen, Marian V\u00e1zquez Gonz\u00e1lez, subray\u00f3 la importancia de que la comunidad educativa que conforma el Cobach conozca los mecanismos de actuaci\u00f3n ante situaciones de acoso, abuso u hostigamiento sexual. En este marco, se present\u00f3 la estrategia de colocaci\u00f3n de stickers con c\u00f3digo QR en planteles y oficinas, los cuales permitir\u00e1n acceder de manera inmediata a autoridades y canales de apoyo.<\/p>\n<p>&nbsp;<\/p>\n<p>\u201cLa protecci\u00f3n de nuestras alumnas y alumnos es el principal motor en este gran reto que tenemos que es el Cobach\u201d, expres\u00f3 Viridiana Figueroa al enfatizar que este convenio representa un paso decisivo hacia la construcci\u00f3n de ambientes educativos que brinden confianza, bienestar y desarrollo integral.<\/p>\n<p>&nbsp;<\/p>\n<p>El cuerpo directivo del Colegio acompa\u00f1\u00f3 la firma del convenio, reafirmando su compromiso de trabajar de manera coordinada para fortalecer una comunidad segura, incluyente e igualitaria. De esta forma, se reiter\u00f3 el compromiso institucional de seguir trabajando en beneficio de la sociedad chiapaneca, de acuerdo con los principios del gobierno de la Nueva ERA.<\/p>\n","protected":false},"excerpt":{"rendered":"<p>&nbsp; Signan acuerdo de colaboraci\u00f3n en el marco de los 16 d\u00edas de activismo para&#8230;<\/p>\n","protected":false},"author":2,"featured_media":33763,"comment_status":"closed","ping_status":"closed","sticky":false,"template":"","format":"standard","meta":{"_joinchat":[],"footnotes":""},"categories":[18,1,2,3],"tags":[],"class_list":["post-33762","post","type-post","status-publish","format-standard","has-post-thumbnail","hentry","category-almomento","category-boletin","category-estado","category-health"],"_links":{"self":[{"href":"https:\/\/icoinformativo.mx\/home\/index.php?rest_route=\/wp\/v2\/posts\/33762","targetHints":{"allow":["GET"]}}],"collection":[{"href":"https:\/\/icoinformativo.mx\/home\/index.php?rest_route=\/wp\/v2\/posts"}],"about":[{"href":"https:\/\/icoinformativo.mx\/home\/index.php?rest_route=\/wp\/v2\/types\/post"}],"author":[{"embeddable":true,"href":"https:\/\/icoinformativo.mx\/home\/index.php?rest_route=\/wp\/v2\/users\/2"}],"replies":[{"embeddable":true,"href":"https:\/\/icoinformativo.mx\/home\/index.php?rest_route=%2Fwp%2Fv2%2Fcomments&post=33762"}],"version-history":[{"count":1,"href":"https:\/\/icoinformativo.mx\/home\/index.php?rest_route=\/wp\/v2\/posts\/33762\/revisions"}],"predecessor-version":[{"id":33764,"href":"https:\/\/icoinformativo.mx\/home\/index.php?rest_route=\/wp\/v2\/posts\/33762\/revisions\/33764"}],"wp:featuredmedia":[{"embeddable":true,"href":"https:\/\/icoinformativo.mx\/home\/index.php?rest_route=\/wp\/v2\/media\/33763"}],"wp:attachment":[{"href":"https:\/\/icoinformativo.mx\/home\/index.php?rest_route=%2Fwp%2Fv2%2Fmedia&parent=33762"}],"wp:term":[{"taxonomy":"category","embeddable":true,"href":"https:\/\/icoinformativo.mx\/home\/index.php?rest_route=%2Fwp%2Fv2%2Fcategories&post=33762"},{"taxonomy":"post_tag","embeddable":true,"href":"https:\/\/icoinformativo.mx\/home\/index.php?rest_route=%2Fwp%2Fv2%2Ftags&post=33762"}],"curies":[{"name":"wp","href":"https:\/\/api.w.org\/{rel}","templated":true}]}}