{"id":33759,"date":"2025-12-02T03:07:53","date_gmt":"2025-12-02T03:07:53","guid":{"rendered":"https:\/\/icoinformativo.mx\/home\/?p=33759"},"modified":"2025-12-02T03:07:53","modified_gmt":"2025-12-02T03:07:53","slug":"san-cristobal-de-las-casas-despide-al-xxiii-festival-internacional-cervantino-barroco-pluricultural-2025-la-cultura-en-chiapas-un-legado-de-paz","status":"publish","type":"post","link":"https:\/\/icoinformativo.mx\/home\/?p=33759","title":{"rendered":"San Crist\u00f3bal de Las Casas despide al XXIII Festival Internacional Cervantino Barroco Pluricultural 2025: La cultura en Chiapas, un legado de paz"},"content":{"rendered":"<p>&nbsp;<\/p>\n<p>Se hizo entrega del Premio Sor Juana In\u00e9s de la Cruz a la fot\u00f3grafa Maruch S\u00e1ntiz por su aportaci\u00f3n al arte ind\u00edgena contempor\u00e1neo; as\u00ed como del reconocimiento Carlos Jurado a la trayectoria de las fot\u00f3grafas Maruch S\u00e1ntiz y Mar\u00eda Auxilio Ballinas<\/p>\n<p>&nbsp;<\/p>\n<p>San Crist\u00f3bal de las Casas; 1 de diciembre de 2025.- San Crist\u00f3bal de Las Casas vibr\u00f3 durante tres d\u00edas del XXIII Festival Internacional Cervantino Barroco Pluricultural 2025, una celebraci\u00f3n que convirti\u00f3 a la ciudad y sus comunidades en un escenario vivo; alrededor de siete mil personas salieron a las calles y foros que se invadieron de m\u00fasica, teatro, danza, literatura y artes visuales. El arte lleg\u00f3 hasta el \u00faltimo rinc\u00f3n.<\/p>\n<p>&nbsp;<\/p>\n<p>El Gobierno del Estado de Chiapas, a trav\u00e9s del Consejo Estatal para las Culturas y las Artes de Chiapas (Coneculta) y en coordinaci\u00f3n con el Ayuntamiento de San Crist\u00f3bal de Las Casas 2024-2027, organizaron el festival que reuni\u00f3 a cerca de 300 artistas; a lo largo de estos d\u00edas el p\u00fablico disfrut\u00f3 de agrupaciones como Ag\u00fcita de Coco, Los Merequetengues, Los Cojolites, Luna Negra, El Ca\u00f1\u00f3n del Sonidero y Las Flores de Lucy.<\/p>\n<p>&nbsp;<\/p>\n<p>El p\u00fablico disfruto de la energ\u00eda del Cuarteto de Jazz; del emotivo homenaje a cantautores chiapanecos realizado por Enrique Virrueta, titulado El \u00faltimo final; del virtuosismo del guitarrista Fidel L\u00f3pez; de la danza prehisp\u00e1nica Maya, Kokonal Nichim y Tsotsil Rinc\u00f3n Chamula; as\u00ed como de espect\u00e1culos esc\u00e9nicos como el ritual de Las Abuelas, la conferencia dramatizada de la Reina Roja con la arque\u00f3loga Fanny L\u00f3pez.<\/p>\n<p>&nbsp;<\/p>\n<p>Tambi\u00e9n fueron testigos de la presentaci\u00f3n de la obra Pedro P\u00e1ramo de la compa\u00f1\u00eda Media Luna y Balaj\u00fa de la compa\u00f1\u00eda Nube Roja, el montaje Grabados de Posada de Cornisa 20, el clown \u00c9rase una vez con Marley Juan Alberto Villanueva, Cabeza en Espiral y el Varie-T de T\u00edteres, adem\u00e1s del Pasa Calles con personajes de William Shakespeare que llen\u00f3 de fiesta y memoria el centro de la ciudad.<\/p>\n<p>&nbsp;<\/p>\n<p>La ciudad se reconoci\u00f3 como casa plural del arte, para que la sociedad vuelva a las calles las actividades estuvieron presentes en distintos espacios: Foro Principal, Plaza Central, foro alterno del Arco del Carmen, Teatro Daniel Zebad\u00faa, Iglesia Catedral, el MUSAC y su pasillo que hosped\u00f3 la feria del libro durante los tres d\u00edas con presentaciones y lecturas; el Foro de la Ciudad, Foro Casa La Ense\u00f1anza, Museo Na\u2019Bolom, Celali, Centro Cultural Carlos Jurado, Mercado y los foros infantiles en comunidades como el Centro Cultural del Norte San Juan Chamula y Zinacant\u00e1n, todos albergando cientos de artistas y p\u00fablico.<\/p>\n<p>&nbsp;<\/p>\n<p>Por primera vez se entreg\u00f3 el reconocimiento Carlos Jurado a dos creadoras chiapanecas: Mar\u00eda Auxilio Ballinas con una amplia trayectoria en fotograf\u00eda, literatura y en artes visuales, comprometida con el oficio de la imagen y a Maruch S\u00e1ntiz G\u00f3mez, fot\u00f3grafa, escritora y artesana textil, cuya obra es reflejo del arte de su pueblo tsotsil y reconocida por su aportaci\u00f3n al arte ind\u00edgena contempor\u00e1neo; S\u00e1ntiz G\u00f3mez tambi\u00e9n recibi\u00f3 el premio Sor Juana In\u00e9s de la Cruz, otorgado en coordinaci\u00f3n con el Colectivo Portales del Arte en Chiapas.<\/p>\n<p>&nbsp;<\/p>\n<p>La creaci\u00f3n comunitaria tambi\u00e9n tuvo un papel central con talleres de fotograf\u00eda estenopeica, rap para ni\u00f1as y ni\u00f1os, juegos teatrales, estampado de poes\u00eda con Ana Ferral, t\u00edteres de sombra, el taller de jarana en el Centro Cultural El Carmen, y con la presencia del ensamble infantil de m\u00fasica tradicional de cuerda Ch\u2019in ch\u2019uxuwiletic de Oxchuc, se cont\u00f3 tambi\u00e9n con la presencia del Coro LGBTIQ+ y de propuestas que abrazaron la inclusi\u00f3n y diversidad cultural.<\/p>\n<p>&nbsp;<\/p>\n<p>En el acto de clausura, Ang\u00e9lica Altuzar Constantino, directora general del Coneculta, estuvo acuerpada por algunos de los artistas y representantes de las distintas agrupaciones participantes, a quienes agradeci\u00f3 su talento y compromiso con el arte y la cultura, el crecimiento y la capacidad para convocar a la gente; adem\u00e1s, agradeci\u00f3 al gobernador Eduardo Ram\u00edrez por impulsar y rescatar toda la vida cultural que se vive en cada municipio.<\/p>\n<p>&nbsp;<\/p>\n<p>\u201cEs muy importante que sepan que al menos el 20 por ciento de los artistas que participaron en este festival fueron artistas locales, hubo cerca de 100 actividades y 300 artistas aproximadamente\u201d, comparti\u00f3.<\/p>\n<p>&nbsp;<\/p>\n<p>Acompa\u00f1ada por el secretario municipal agradeci\u00f3 a Fabiola Ricci Diestel, presidenta municipal de San Crist\u00f3bal; destac\u00f3 la sinergia con el Coneculta recalcando que se necesita mucha gente para realizar un festival y todo con la intenci\u00f3n de unirse en armon\u00eda.<\/p>\n<p>&nbsp;<\/p>\n<p>El cierre musical estuvo a cargo de la zapoteca Miroslava Ferra, originaria de Juchit\u00e1n de Zaragoza, Oaxaca, quien fusion\u00f3 boleros y cumbias istme\u00f1as con sonidos de las ocho regiones de su estado, cerrando con una celebraci\u00f3n llena de color, ritmo e historia.<\/p>\n","protected":false},"excerpt":{"rendered":"<p>&nbsp; Se hizo entrega del Premio Sor Juana In\u00e9s de la Cruz a la fot\u00f3grafa&#8230;<\/p>\n","protected":false},"author":2,"featured_media":33760,"comment_status":"closed","ping_status":"closed","sticky":false,"template":"","format":"standard","meta":{"_joinchat":[],"footnotes":""},"categories":[1],"tags":[],"class_list":["post-33759","post","type-post","status-publish","format-standard","has-post-thumbnail","hentry","category-boletin"],"_links":{"self":[{"href":"https:\/\/icoinformativo.mx\/home\/index.php?rest_route=\/wp\/v2\/posts\/33759","targetHints":{"allow":["GET"]}}],"collection":[{"href":"https:\/\/icoinformativo.mx\/home\/index.php?rest_route=\/wp\/v2\/posts"}],"about":[{"href":"https:\/\/icoinformativo.mx\/home\/index.php?rest_route=\/wp\/v2\/types\/post"}],"author":[{"embeddable":true,"href":"https:\/\/icoinformativo.mx\/home\/index.php?rest_route=\/wp\/v2\/users\/2"}],"replies":[{"embeddable":true,"href":"https:\/\/icoinformativo.mx\/home\/index.php?rest_route=%2Fwp%2Fv2%2Fcomments&post=33759"}],"version-history":[{"count":1,"href":"https:\/\/icoinformativo.mx\/home\/index.php?rest_route=\/wp\/v2\/posts\/33759\/revisions"}],"predecessor-version":[{"id":33761,"href":"https:\/\/icoinformativo.mx\/home\/index.php?rest_route=\/wp\/v2\/posts\/33759\/revisions\/33761"}],"wp:featuredmedia":[{"embeddable":true,"href":"https:\/\/icoinformativo.mx\/home\/index.php?rest_route=\/wp\/v2\/media\/33760"}],"wp:attachment":[{"href":"https:\/\/icoinformativo.mx\/home\/index.php?rest_route=%2Fwp%2Fv2%2Fmedia&parent=33759"}],"wp:term":[{"taxonomy":"category","embeddable":true,"href":"https:\/\/icoinformativo.mx\/home\/index.php?rest_route=%2Fwp%2Fv2%2Fcategories&post=33759"},{"taxonomy":"post_tag","embeddable":true,"href":"https:\/\/icoinformativo.mx\/home\/index.php?rest_route=%2Fwp%2Fv2%2Ftags&post=33759"}],"curies":[{"name":"wp","href":"https:\/\/api.w.org\/{rel}","templated":true}]}}