{"id":33756,"date":"2025-12-02T03:02:06","date_gmt":"2025-12-02T03:02:06","guid":{"rendered":"https:\/\/icoinformativo.mx\/home\/?p=33756"},"modified":"2025-12-02T03:02:06","modified_gmt":"2025-12-02T03:02:06","slug":"transparencia-e-innovacion-presentan-nuevo-recurso-juridico-para-educacion-preescolar","status":"publish","type":"post","link":"https:\/\/icoinformativo.mx\/home\/?p=33756","title":{"rendered":"Transparencia e innovaci\u00f3n: presentan nuevo recurso jur\u00eddico para Educaci\u00f3n Preescolar"},"content":{"rendered":"<p>&nbsp;<\/p>\n<p>Con apoyo de la Inteligencia Artificial, docentes podr\u00e1n resolver dudas y fortalecer sus pr\u00e1cticas pedag\u00f3gicas<\/p>\n<p>&nbsp;<\/p>\n<p>En seguimiento a las instrucciones del titular de la pol\u00edtica educativa en Chiapas, Roger Mandujano, la Direcci\u00f3n de Educaci\u00f3n B\u00e1sica present\u00f3 la Plataforma del Marco Jur\u00eddico Interactivo del Departamento de Educaci\u00f3n Preescolar, una herramienta dise\u00f1ada para acompa\u00f1ar y fortalecer el trabajo del magisterio en seguimiento a la pol\u00edtica p\u00fablica de transparencia y cero impunidad del gobernador Eduardo Ram\u00edrez Aguilar.<\/p>\n<p>&nbsp;<\/p>\n<p>Durante su intervenci\u00f3n, Nancy Coello, jefa del Departamento de Educaci\u00f3n Preescolar, destac\u00f3 que construir el futuro del nivel implica tambi\u00e9n acercar herramientas pr\u00e1cticas que brinden certeza laboral, claridad en los deberes y responsabilidad profesional.<\/p>\n<p>&nbsp;<\/p>\n<p>El Departamento de Educaci\u00f3n Preescolar identific\u00f3 la necesidad de contar con un recurso que facilitara un acceso claro, pr\u00e1ctico y oportuno a las disposiciones jur\u00eddicas y t\u00e9cnicas que orientan el quehacer escolar y administrativo.<\/p>\n<p>&nbsp;<\/p>\n<p>En respuesta, se desarroll\u00f3 la Plataforma del Marco Jur\u00eddico Interactivo, concebida como un espacio confiable que favorece la consulta, comprensi\u00f3n y aplicaci\u00f3n de los lineamientos normativos vigentes.<\/p>\n<p>&nbsp;<\/p>\n<p>La implementaci\u00f3n de esta herramienta permitir\u00e1 que el personal del nivel preescolar agilice la atenci\u00f3n de situaciones educativas y administrativas, fortalezca una toma de decisiones fundamentada y asegure que cada acci\u00f3n institucional se realice con estricto apego a la normatividad.<\/p>\n<p>&nbsp;<\/p>\n<p>Por su parte, Uri Estrada Lara, docente de preescolar y creador de la plataforma, subray\u00f3 que esta innovaci\u00f3n promueve un acceso m\u00e1s \u00e1gil y actualizado al marco jur\u00eddico, lo que facilita pr\u00e1cticas educativas seguras, fundamentadas y alineadas al bienestar de ni\u00f1as y ni\u00f1os.<\/p>\n<p>&nbsp;<\/p>\n<p>La Plataforma del Marco Jur\u00eddico Interactivo integra un an\u00e1lisis transversal de la Constituci\u00f3n Pol\u00edtica de los Estados Unidos Mexicanos, leyes estatales y federales, reglamentos, acuerdos, lineamientos t\u00e9cnicos y administrativos, c\u00f3digos \u00e9ticos, protocolos y documentos institucionales, consolidando un entorno de consulta confiable y de uso cotidiano.<\/p>\n<p>&nbsp;<\/p>\n<p>En representaci\u00f3n del secretario de Educaci\u00f3n, el director de Educaci\u00f3n B\u00e1sica, Hugo Campos, reiter\u00f3 la importancia de mantener al personal docente actualizado y a la vanguardia, tal como lo ha instruido el titular de la dependencia.<\/p>\n<p>&nbsp;<\/p>\n<p>\u201cHoy tenemos que aprovechar y ser receptivos a las Tecnolog\u00edas de la Informaci\u00f3n y Comunicaci\u00f3n, ya que uno de los principios establecidos por el secretario es trabajar y renovarse continuamente en el conocimiento adquirido\u201d, mencion\u00f3.<\/p>\n<p>&nbsp;<\/p>\n<p>Esta iniciativa forma parte del compromiso impulsado por el secretario de Educaci\u00f3n, Roger Mandujano, quien ha reiterado que la transparencia, la claridad normativa y la rendici\u00f3n de cuentas son principios fundamentales para consolidar una gesti\u00f3n educativa honesta, en seguimiento al gobierno humanista del gobernador Eduardo Ram\u00edrez.<\/p>\n","protected":false},"excerpt":{"rendered":"<p>&nbsp; Con apoyo de la Inteligencia Artificial, docentes podr\u00e1n resolver dudas y fortalecer sus pr\u00e1cticas&#8230;<\/p>\n","protected":false},"author":2,"featured_media":33757,"comment_status":"closed","ping_status":"closed","sticky":false,"template":"","format":"standard","meta":{"_joinchat":[],"footnotes":""},"categories":[18,1,2,3],"tags":[],"class_list":["post-33756","post","type-post","status-publish","format-standard","has-post-thumbnail","hentry","category-almomento","category-boletin","category-estado","category-health"],"_links":{"self":[{"href":"https:\/\/icoinformativo.mx\/home\/index.php?rest_route=\/wp\/v2\/posts\/33756","targetHints":{"allow":["GET"]}}],"collection":[{"href":"https:\/\/icoinformativo.mx\/home\/index.php?rest_route=\/wp\/v2\/posts"}],"about":[{"href":"https:\/\/icoinformativo.mx\/home\/index.php?rest_route=\/wp\/v2\/types\/post"}],"author":[{"embeddable":true,"href":"https:\/\/icoinformativo.mx\/home\/index.php?rest_route=\/wp\/v2\/users\/2"}],"replies":[{"embeddable":true,"href":"https:\/\/icoinformativo.mx\/home\/index.php?rest_route=%2Fwp%2Fv2%2Fcomments&post=33756"}],"version-history":[{"count":1,"href":"https:\/\/icoinformativo.mx\/home\/index.php?rest_route=\/wp\/v2\/posts\/33756\/revisions"}],"predecessor-version":[{"id":33758,"href":"https:\/\/icoinformativo.mx\/home\/index.php?rest_route=\/wp\/v2\/posts\/33756\/revisions\/33758"}],"wp:featuredmedia":[{"embeddable":true,"href":"https:\/\/icoinformativo.mx\/home\/index.php?rest_route=\/wp\/v2\/media\/33757"}],"wp:attachment":[{"href":"https:\/\/icoinformativo.mx\/home\/index.php?rest_route=%2Fwp%2Fv2%2Fmedia&parent=33756"}],"wp:term":[{"taxonomy":"category","embeddable":true,"href":"https:\/\/icoinformativo.mx\/home\/index.php?rest_route=%2Fwp%2Fv2%2Fcategories&post=33756"},{"taxonomy":"post_tag","embeddable":true,"href":"https:\/\/icoinformativo.mx\/home\/index.php?rest_route=%2Fwp%2Fv2%2Ftags&post=33756"}],"curies":[{"name":"wp","href":"https:\/\/api.w.org\/{rel}","templated":true}]}}