{"id":33744,"date":"2025-12-01T04:09:52","date_gmt":"2025-12-01T04:09:52","guid":{"rendered":"https:\/\/icoinformativo.mx\/home\/?p=33744"},"modified":"2025-12-01T04:09:52","modified_gmt":"2025-12-01T04:09:52","slug":"alcalde-de-ixtacomitan-sostiene-encuentro-productivo-con-taxistas-del-sitio-la-ermita","status":"publish","type":"post","link":"https:\/\/icoinformativo.mx\/home\/?p=33744","title":{"rendered":"**Alcalde de Ixtacomit\u00e1n Sostiene Encuentro Productivo con Taxistas del Sitio La Ermita**"},"content":{"rendered":"<p>&nbsp;<\/p>\n<p>**Ixtacomit\u00e1n, Chiapas, Noviembre del 2025. * \u2013 El presidente municipal de Ixtacomit\u00e1n, Miguel \u00c1ngel Moreno Palacios, sostuvo hoy un significativo encuentro con los integrantes del Sitio La Ermita, en un di\u00e1logo abierto que busca fortalecer los servicios y las oportunidades para la comunidad.<\/p>\n<p>&nbsp;<\/p>\n<p>Durante la reuni\u00f3n, el edil escuch\u00f3 atentamente las inquietudes y propuestas de los transportistas, quienes compartieron sus perspectivas sobre la movilidad y las necesidades del municipio. Moreno Palacios, por su parte, reafirm\u00f3 el compromiso de su administraci\u00f3n de trabajar de la mano con este importante sector.<\/p>\n<p>&nbsp;<\/p>\n<p>\u00abHoy tuve el gusto de platicar con mis amigos taxistas del Sitio La Ermita. Escuchamos sus inquietudes, compartimos ideas y reafirmamos nuestro compromiso de trabajar juntos por un Ixtacomit\u00e1n con mejores servicios y m\u00e1s oportunidades para todos\u00bb, expres\u00f3 el alcalde.<\/p>\n<p>&nbsp;<\/p>\n<p>El mandatario municipal tambi\u00e9n aprovech\u00f3 la ocasi\u00f3n para reconocer la labor diaria de los operadores de taxi, destacando su fundamental papel en la vida cotidiana de Ixtacomit\u00e1n. \u00abMi reconocimiento para ellos por su esfuerzo de cada d\u00eda y por el gran papel que desempe\u00f1an en la movilidad de nuestro municipio\u00bb, agreg\u00f3.<\/p>\n<p>&nbsp;<\/p>\n<p>El encuentro concluy\u00f3 con un llamado a la unidad y la cercan\u00eda, pilares que, seg\u00fan el alcalde, son esenciales para el progreso continuo. La administraci\u00f3n municipal y los taxistas acordaron mantener una comunicaci\u00f3n fluida para seguir construyendo un Ixtacomit\u00e1n con mejoras tangibles para todos sus habitantes.<\/p>\n<p>&nbsp;<\/p>\n<p>&#8212;<\/p>\n","protected":false},"excerpt":{"rendered":"<p>&nbsp; **Ixtacomit\u00e1n, Chiapas, Noviembre del 2025. * \u2013 El presidente municipal de Ixtacomit\u00e1n, Miguel \u00c1ngel&#8230;<\/p>\n","protected":false},"author":2,"featured_media":33745,"comment_status":"closed","ping_status":"closed","sticky":false,"template":"","format":"standard","meta":{"_joinchat":[],"footnotes":""},"categories":[18,1,2,3],"tags":[],"class_list":["post-33744","post","type-post","status-publish","format-standard","has-post-thumbnail","hentry","category-almomento","category-boletin","category-estado","category-health"],"_links":{"self":[{"href":"https:\/\/icoinformativo.mx\/home\/index.php?rest_route=\/wp\/v2\/posts\/33744","targetHints":{"allow":["GET"]}}],"collection":[{"href":"https:\/\/icoinformativo.mx\/home\/index.php?rest_route=\/wp\/v2\/posts"}],"about":[{"href":"https:\/\/icoinformativo.mx\/home\/index.php?rest_route=\/wp\/v2\/types\/post"}],"author":[{"embeddable":true,"href":"https:\/\/icoinformativo.mx\/home\/index.php?rest_route=\/wp\/v2\/users\/2"}],"replies":[{"embeddable":true,"href":"https:\/\/icoinformativo.mx\/home\/index.php?rest_route=%2Fwp%2Fv2%2Fcomments&post=33744"}],"version-history":[{"count":1,"href":"https:\/\/icoinformativo.mx\/home\/index.php?rest_route=\/wp\/v2\/posts\/33744\/revisions"}],"predecessor-version":[{"id":33746,"href":"https:\/\/icoinformativo.mx\/home\/index.php?rest_route=\/wp\/v2\/posts\/33744\/revisions\/33746"}],"wp:featuredmedia":[{"embeddable":true,"href":"https:\/\/icoinformativo.mx\/home\/index.php?rest_route=\/wp\/v2\/media\/33745"}],"wp:attachment":[{"href":"https:\/\/icoinformativo.mx\/home\/index.php?rest_route=%2Fwp%2Fv2%2Fmedia&parent=33744"}],"wp:term":[{"taxonomy":"category","embeddable":true,"href":"https:\/\/icoinformativo.mx\/home\/index.php?rest_route=%2Fwp%2Fv2%2Fcategories&post=33744"},{"taxonomy":"post_tag","embeddable":true,"href":"https:\/\/icoinformativo.mx\/home\/index.php?rest_route=%2Fwp%2Fv2%2Ftags&post=33744"}],"curies":[{"name":"wp","href":"https:\/\/api.w.org\/{rel}","templated":true}]}}