{"id":33741,"date":"2025-12-01T04:01:46","date_gmt":"2025-12-01T04:01:46","guid":{"rendered":"https:\/\/icoinformativo.mx\/home\/?p=33741"},"modified":"2025-12-01T04:01:46","modified_gmt":"2025-12-01T04:01:46","slug":"ixtacomitan-impulsa-la-ganaderia-con-nuevos-cursos-de-capacitacion","status":"publish","type":"post","link":"https:\/\/icoinformativo.mx\/home\/?p=33741","title":{"rendered":"**Ixtacomit\u00e1n Impulsa la Ganader\u00eda con Nuevos Cursos de Capacitaci\u00f3n**"},"content":{"rendered":"<p>**IXTACOMIT\u00c1N, Chiapas, Noviembre del 2025 ** \u2013 El Ayuntamiento local de Ixtacomit\u00e1n, bajo la presidencia de Miguel \u00c1ngel Moreno Palacios, en una acci\u00f3n coordinada con la Secretar\u00eda de Agricultura, Ganader\u00eda y Pesca (SAGyP), ha puesto en marcha un programa de capacitaci\u00f3n integral dirigido a fortalecer el sector ganadero del municipio.<\/p>\n<p>&nbsp;<\/p>\n<p>La iniciativa arranca con dos cursos fundamentales, dise\u00f1ados para equipar a los productores con conocimientos y t\u00e9cnicas modernas que buscan elevar la productividad y la calidad gen\u00e9tica de sus hatos. Las capacitaciones iniciales son:<\/p>\n<p>&nbsp;<\/p>\n<p>* **Exploraci\u00f3n transrectal en bovinos:** Un curso esencial para el diagn\u00f3stico reproductivo y la gesti\u00f3n de la salud del ganado.<\/p>\n<p>* **Inseminaci\u00f3n artificial para el mejoramiento gen\u00e9tico en bovinos:** Con el objetivo de optimizar la herencia gen\u00e9tica y la eficiencia reproductiva de las cabezas de ganado.<\/p>\n<p>&nbsp;<\/p>\n<p>Ambos cursos est\u00e1n especialmente dirigidos a productores y ganaderos de Ixtacomit\u00e1n interesados en actualizar sus conocimientos y adoptar pr\u00e1cticas innovadoras que les permitan mejorar el rendimiento de sus explotaciones.<\/p>\n<p>&nbsp;<\/p>\n<p>Esta acci\u00f3n subraya el compromiso de la administraci\u00f3n municipal con el impulso de proyectos que generen desarrollo, promuevan el aprendizaje continuo y abran nuevas oportunidades para los habitantes del municipio, especialmente para aquellos dedicados al sector primario. Con estas capacitaciones, Ixtacomit\u00e1n reafirma su apoyo al campo y a sus trabajadores, sentando las bases para un futuro ganadero m\u00e1s pr\u00f3spero y tecnificado.<\/p>\n<p>&nbsp;<\/p>\n<p>&#8212;<\/p>\n","protected":false},"excerpt":{"rendered":"<p>**IXTACOMIT\u00c1N, Chiapas, Noviembre del 2025 ** \u2013 El Ayuntamiento local de Ixtacomit\u00e1n, bajo la presidencia&#8230;<\/p>\n","protected":false},"author":2,"featured_media":33742,"comment_status":"closed","ping_status":"closed","sticky":false,"template":"","format":"standard","meta":{"_joinchat":[],"footnotes":""},"categories":[18,1,2,3],"tags":[],"class_list":["post-33741","post","type-post","status-publish","format-standard","has-post-thumbnail","hentry","category-almomento","category-boletin","category-estado","category-health"],"_links":{"self":[{"href":"https:\/\/icoinformativo.mx\/home\/index.php?rest_route=\/wp\/v2\/posts\/33741","targetHints":{"allow":["GET"]}}],"collection":[{"href":"https:\/\/icoinformativo.mx\/home\/index.php?rest_route=\/wp\/v2\/posts"}],"about":[{"href":"https:\/\/icoinformativo.mx\/home\/index.php?rest_route=\/wp\/v2\/types\/post"}],"author":[{"embeddable":true,"href":"https:\/\/icoinformativo.mx\/home\/index.php?rest_route=\/wp\/v2\/users\/2"}],"replies":[{"embeddable":true,"href":"https:\/\/icoinformativo.mx\/home\/index.php?rest_route=%2Fwp%2Fv2%2Fcomments&post=33741"}],"version-history":[{"count":1,"href":"https:\/\/icoinformativo.mx\/home\/index.php?rest_route=\/wp\/v2\/posts\/33741\/revisions"}],"predecessor-version":[{"id":33743,"href":"https:\/\/icoinformativo.mx\/home\/index.php?rest_route=\/wp\/v2\/posts\/33741\/revisions\/33743"}],"wp:featuredmedia":[{"embeddable":true,"href":"https:\/\/icoinformativo.mx\/home\/index.php?rest_route=\/wp\/v2\/media\/33742"}],"wp:attachment":[{"href":"https:\/\/icoinformativo.mx\/home\/index.php?rest_route=%2Fwp%2Fv2%2Fmedia&parent=33741"}],"wp:term":[{"taxonomy":"category","embeddable":true,"href":"https:\/\/icoinformativo.mx\/home\/index.php?rest_route=%2Fwp%2Fv2%2Fcategories&post=33741"},{"taxonomy":"post_tag","embeddable":true,"href":"https:\/\/icoinformativo.mx\/home\/index.php?rest_route=%2Fwp%2Fv2%2Ftags&post=33741"}],"curies":[{"name":"wp","href":"https:\/\/api.w.org\/{rel}","templated":true}]}}