{"id":33738,"date":"2025-12-01T03:52:17","date_gmt":"2025-12-01T03:52:17","guid":{"rendered":"https:\/\/icoinformativo.mx\/home\/?p=33738"},"modified":"2025-12-01T03:52:17","modified_gmt":"2025-12-01T03:52:17","slug":"ayuntamiento-y-dif-municipal-de-ixtacomitan-lanzan-convocatoria-para-protesis-dentales-completas","status":"publish","type":"post","link":"https:\/\/icoinformativo.mx\/home\/?p=33738","title":{"rendered":"** Ayuntamiento  y DIF Municipal de Ixtacomit\u00e1n Lanzan Convocatoria para Pr\u00f3tesis Dentales Completas**"},"content":{"rendered":"<p>**Ixtacomit\u00e1n, Chiapas. NOVIEMBRE DEL 2025** \u2013 El Sistema para el Desarrollo Integral de la Familia (DIF) municipal de Ixtacomit\u00e1n, en coordinaci\u00f3n con el Ayuntamiento local que encabeza el alcalde Miguel \u00c1ngel Moreno Palacios, ha anunciado una importante convocatoria dirigida a todos los ciudadanos que requieran una pr\u00f3tesis dental completa.<\/p>\n<p>&nbsp;<\/p>\n<p>La iniciativa busca mejorar la calidad de vida y la salud bucal de los habitantes mayores de 18 a\u00f1os del municipio. Para ser beneficiario de este programa, los interesados deber\u00e1n presentar la documentaci\u00f3n requerida en las instalaciones del DIF municipal.<\/p>\n<p>&nbsp;<\/p>\n<p>**Requisitos para la solicitud:**<\/p>\n<p>* Copia a color de la Credencial de Elector (INE).<\/p>\n<p>* CURP actualizada y verificada.<\/p>\n<p>* N\u00famero de tel\u00e9fono de contacto.<\/p>\n<p>&nbsp;<\/p>\n<p>Se informa a la comunidad que la recepci\u00f3n de estos documentos se realizar\u00e1 en una **\u00fanica jornada** el pr\u00f3ximo **lunes 10 de noviembre, en un horario de 9:00 de la ma\u00f1ana a 3:00 de la tarde**.<\/p>\n<p>&nbsp;<\/p>\n<p>Las autoridades municipales hacen un llamado a los interesados para que acudan puntualmente con todos los requisitos mencionados, ya que no habr\u00e1 pr\u00f3rroga para la entrega de la documentaci\u00f3n. Este programa es parte de los esfuerzos conjuntos del DIF y el Ayuntamiento para brindar apoyo social y bienestar a la poblaci\u00f3n de Ixtacomit\u00e1n.<\/p>\n<p>&nbsp;<\/p>\n<p>&#8212;<\/p>\n","protected":false},"excerpt":{"rendered":"<p>**Ixtacomit\u00e1n, Chiapas. NOVIEMBRE DEL 2025** \u2013 El Sistema para el Desarrollo Integral de la Familia&#8230;<\/p>\n","protected":false},"author":2,"featured_media":33739,"comment_status":"closed","ping_status":"closed","sticky":false,"template":"","format":"standard","meta":{"_joinchat":[],"footnotes":""},"categories":[18,1,2,3],"tags":[],"class_list":["post-33738","post","type-post","status-publish","format-standard","has-post-thumbnail","hentry","category-almomento","category-boletin","category-estado","category-health"],"_links":{"self":[{"href":"https:\/\/icoinformativo.mx\/home\/index.php?rest_route=\/wp\/v2\/posts\/33738","targetHints":{"allow":["GET"]}}],"collection":[{"href":"https:\/\/icoinformativo.mx\/home\/index.php?rest_route=\/wp\/v2\/posts"}],"about":[{"href":"https:\/\/icoinformativo.mx\/home\/index.php?rest_route=\/wp\/v2\/types\/post"}],"author":[{"embeddable":true,"href":"https:\/\/icoinformativo.mx\/home\/index.php?rest_route=\/wp\/v2\/users\/2"}],"replies":[{"embeddable":true,"href":"https:\/\/icoinformativo.mx\/home\/index.php?rest_route=%2Fwp%2Fv2%2Fcomments&post=33738"}],"version-history":[{"count":1,"href":"https:\/\/icoinformativo.mx\/home\/index.php?rest_route=\/wp\/v2\/posts\/33738\/revisions"}],"predecessor-version":[{"id":33740,"href":"https:\/\/icoinformativo.mx\/home\/index.php?rest_route=\/wp\/v2\/posts\/33738\/revisions\/33740"}],"wp:featuredmedia":[{"embeddable":true,"href":"https:\/\/icoinformativo.mx\/home\/index.php?rest_route=\/wp\/v2\/media\/33739"}],"wp:attachment":[{"href":"https:\/\/icoinformativo.mx\/home\/index.php?rest_route=%2Fwp%2Fv2%2Fmedia&parent=33738"}],"wp:term":[{"taxonomy":"category","embeddable":true,"href":"https:\/\/icoinformativo.mx\/home\/index.php?rest_route=%2Fwp%2Fv2%2Fcategories&post=33738"},{"taxonomy":"post_tag","embeddable":true,"href":"https:\/\/icoinformativo.mx\/home\/index.php?rest_route=%2Fwp%2Fv2%2Ftags&post=33738"}],"curies":[{"name":"wp","href":"https:\/\/api.w.org\/{rel}","templated":true}]}}