{"id":33735,"date":"2025-12-01T03:48:04","date_gmt":"2025-12-01T03:48:04","guid":{"rendered":"https:\/\/icoinformativo.mx\/home\/?p=33735"},"modified":"2025-12-01T03:48:04","modified_gmt":"2025-12-01T03:48:04","slug":"ixtacomitan-se-viste-de-tradicion-ayuntamiento-encabeza-festejos-del-dia-de-muertos","status":"publish","type":"post","link":"https:\/\/icoinformativo.mx\/home\/?p=33735","title":{"rendered":"**Ixtacomit\u00e1n Se Viste de Tradici\u00f3n: Ayuntamiento Encabeza Festejos del D\u00eda de Muertos**"},"content":{"rendered":"<p>&nbsp;<\/p>\n<p>**Ixtacomit\u00e1n, Chiapas. &#8211; Noviembre del 2025* \u2013 El municipio de Ixtacomit\u00e1n se prepara para vivir una de sus celebraciones m\u00e1s profundas y significativas: el D\u00eda de Muertos. Bajo el liderazgo del **Ayuntamiento local, presidido por Miguel \u00c1ngel Moreno Palacios**, la comunidad se une para honrar a sus seres queridos fallecidos, en una festividad que es un pilar de la identidad cultural mexicana.<\/p>\n<p>&nbsp;<\/p>\n<p>Esta celebraci\u00f3n ancestral, que combina elementos de las ricas tradiciones ind\u00edgenas mesoamericanas con las creencias cat\u00f3licas, se lleva a cabo anualmente los d\u00edas 1 y 2 de noviembre. Durante estas fechas, Ixtacomit\u00e1n se transforma en un espacio de recuerdo, reflexi\u00f3n y color, donde las familias mantienen viva la memoria de quienes han partido.<\/p>\n<p>&nbsp;<\/p>\n<p>El 2 de noviembre cobra especial relevancia al conmemorarse a los Fieles Difuntos, dedicando este d\u00eda a recordar y honrar a los adultos que han concluido su ciclo vital. Las plazas, hogares y panteones del municipio se llenan de ofrendas vibrantes, altares adornados con flores de cempas\u00fachil, velas, copal, fotograf\u00edas y los platillos y bebidas favoritas de los difuntos, creando un puente simb\u00f3lico entre los dos mundos.<\/p>\n<p>&nbsp;<\/p>\n<p>La participaci\u00f3n activa del Ayuntamiento en la organizaci\u00f3n de estos festejos subraya el compromiso de la administraci\u00f3n del alcalde Moreno Palacios con la preservaci\u00f3n y promoci\u00f3n de las costumbres que enriquecen el patrimonio cultural de Ixtacomit\u00e1n. La celebraci\u00f3n no solo es un acto de duelo, sino una afirmaci\u00f3n de vida y de la continuidad de los lazos familiares y comunitarios, fortaleciendo el tejido social del municipio.<\/p>\n<p>&nbsp;<\/p>\n<p>#UnidadTrabajoYTransformacion<\/p>\n<p>&nbsp;<\/p>\n<p>&#8212;<\/p>\n","protected":false},"excerpt":{"rendered":"<p>&nbsp; **Ixtacomit\u00e1n, Chiapas. &#8211; Noviembre del 2025* \u2013 El municipio de Ixtacomit\u00e1n se prepara para&#8230;<\/p>\n","protected":false},"author":2,"featured_media":33736,"comment_status":"closed","ping_status":"closed","sticky":false,"template":"","format":"standard","meta":{"_joinchat":[],"footnotes":""},"categories":[18,1,2,3],"tags":[],"class_list":["post-33735","post","type-post","status-publish","format-standard","has-post-thumbnail","hentry","category-almomento","category-boletin","category-estado","category-health"],"_links":{"self":[{"href":"https:\/\/icoinformativo.mx\/home\/index.php?rest_route=\/wp\/v2\/posts\/33735","targetHints":{"allow":["GET"]}}],"collection":[{"href":"https:\/\/icoinformativo.mx\/home\/index.php?rest_route=\/wp\/v2\/posts"}],"about":[{"href":"https:\/\/icoinformativo.mx\/home\/index.php?rest_route=\/wp\/v2\/types\/post"}],"author":[{"embeddable":true,"href":"https:\/\/icoinformativo.mx\/home\/index.php?rest_route=\/wp\/v2\/users\/2"}],"replies":[{"embeddable":true,"href":"https:\/\/icoinformativo.mx\/home\/index.php?rest_route=%2Fwp%2Fv2%2Fcomments&post=33735"}],"version-history":[{"count":1,"href":"https:\/\/icoinformativo.mx\/home\/index.php?rest_route=\/wp\/v2\/posts\/33735\/revisions"}],"predecessor-version":[{"id":33737,"href":"https:\/\/icoinformativo.mx\/home\/index.php?rest_route=\/wp\/v2\/posts\/33735\/revisions\/33737"}],"wp:featuredmedia":[{"embeddable":true,"href":"https:\/\/icoinformativo.mx\/home\/index.php?rest_route=\/wp\/v2\/media\/33736"}],"wp:attachment":[{"href":"https:\/\/icoinformativo.mx\/home\/index.php?rest_route=%2Fwp%2Fv2%2Fmedia&parent=33735"}],"wp:term":[{"taxonomy":"category","embeddable":true,"href":"https:\/\/icoinformativo.mx\/home\/index.php?rest_route=%2Fwp%2Fv2%2Fcategories&post=33735"},{"taxonomy":"post_tag","embeddable":true,"href":"https:\/\/icoinformativo.mx\/home\/index.php?rest_route=%2Fwp%2Fv2%2Ftags&post=33735"}],"curies":[{"name":"wp","href":"https:\/\/api.w.org\/{rel}","templated":true}]}}