{"id":33732,"date":"2025-12-01T03:41:51","date_gmt":"2025-12-01T03:41:51","guid":{"rendered":"https:\/\/icoinformativo.mx\/home\/?p=33732"},"modified":"2025-12-01T03:41:51","modified_gmt":"2025-12-01T03:41:51","slug":"ixtacomitan-mejora-infraestructura-vial-rehabilitacion-clave-en-la-via-a-jana-2a-seccion","status":"publish","type":"post","link":"https:\/\/icoinformativo.mx\/home\/?p=33732","title":{"rendered":"**Ixtacomit\u00e1n Mejora Infraestructura Vial: Rehabilitaci\u00f3n Clave en la V\u00eda a Jana 2\u00aa Secci\u00f3n**"},"content":{"rendered":"<p>*Ixtacomit\u00e1n, Chiapas, Noviembre del 2025.- ** \u2013 El H. Ayuntamiento de Ixtacomit\u00e1n, en un esfuerzo coordinado con la direcci\u00f3n de Obras P\u00fablicas, ha puesto en marcha importantes trabajos de rehabilitaci\u00f3n en el camino que conecta con la localidad de Jana 2\u00aa Secci\u00f3n, beneficiando tambi\u00e9n a los habitantes de Jana 1\u00aa Secci\u00f3n. Estas acciones se llevan a cabo siguiendo instrucciones directas del presidente municipal, Miguel \u00c1ngel Moreno Palacios, con el objetivo de mejorar la conectividad y seguridad de los transe\u00fantes.<\/p>\n<p>&nbsp;<\/p>\n<p>Los trabajos en el tramo carretero incluyen la configuraci\u00f3n de cunetas, la reincorporaci\u00f3n de material p\u00e9treo y el rastreo de la superficie, intervenciones que buscan optimizar el drenaje y la transitabilidad de la v\u00eda.<\/p>\n<p>&nbsp;<\/p>\n<p>Adicionalmente, las cuadrillas municipales est\u00e1n concentrando esfuerzos en la nivelaci\u00f3n del acceso al puente San Vicente. Para ello, se est\u00e1 utilizando material adecuado que permitir\u00e1 garantizar un paso m\u00e1s c\u00f3modo y seguro para todas y todos los habitantes que utilizan esta importante conexi\u00f3n.<\/p>\n<p>&nbsp;<\/p>\n<p>\u00abReconocemos y agradecemos la valiosa colaboraci\u00f3n del agente municipal de Jana 2\u00aa Secci\u00f3n, as\u00ed como de los propietarios de los ranchos y terrenos colindantes, por su disposici\u00f3n para determinar las salidas de agua y apoyar en el corte de ramas que obstaculizaban el paso de la maquinaria\u00bb, expres\u00f3 un portavoz del ayuntamiento, destacando la participaci\u00f3n ciudadana como un pilar fundamental para la ejecuci\u00f3n de estas obras.<\/p>\n<p>&nbsp;<\/p>\n<p>Con estas iniciativas, el gobierno municipal de Ixtacomit\u00e1n reafirma su compromiso de continuar trabajando en unidad para transformar y mejorar la calidad de vida de sus comunidades.<\/p>\n<p>&nbsp;<\/p>\n<p>&#8212;<\/p>\n","protected":false},"excerpt":{"rendered":"<p>*Ixtacomit\u00e1n, Chiapas, Noviembre del 2025.- ** \u2013 El H. Ayuntamiento de Ixtacomit\u00e1n, en un esfuerzo&#8230;<\/p>\n","protected":false},"author":2,"featured_media":33733,"comment_status":"closed","ping_status":"closed","sticky":false,"template":"","format":"standard","meta":{"_joinchat":[],"footnotes":""},"categories":[18,1,2,3],"tags":[],"class_list":["post-33732","post","type-post","status-publish","format-standard","has-post-thumbnail","hentry","category-almomento","category-boletin","category-estado","category-health"],"_links":{"self":[{"href":"https:\/\/icoinformativo.mx\/home\/index.php?rest_route=\/wp\/v2\/posts\/33732","targetHints":{"allow":["GET"]}}],"collection":[{"href":"https:\/\/icoinformativo.mx\/home\/index.php?rest_route=\/wp\/v2\/posts"}],"about":[{"href":"https:\/\/icoinformativo.mx\/home\/index.php?rest_route=\/wp\/v2\/types\/post"}],"author":[{"embeddable":true,"href":"https:\/\/icoinformativo.mx\/home\/index.php?rest_route=\/wp\/v2\/users\/2"}],"replies":[{"embeddable":true,"href":"https:\/\/icoinformativo.mx\/home\/index.php?rest_route=%2Fwp%2Fv2%2Fcomments&post=33732"}],"version-history":[{"count":1,"href":"https:\/\/icoinformativo.mx\/home\/index.php?rest_route=\/wp\/v2\/posts\/33732\/revisions"}],"predecessor-version":[{"id":33734,"href":"https:\/\/icoinformativo.mx\/home\/index.php?rest_route=\/wp\/v2\/posts\/33732\/revisions\/33734"}],"wp:featuredmedia":[{"embeddable":true,"href":"https:\/\/icoinformativo.mx\/home\/index.php?rest_route=\/wp\/v2\/media\/33733"}],"wp:attachment":[{"href":"https:\/\/icoinformativo.mx\/home\/index.php?rest_route=%2Fwp%2Fv2%2Fmedia&parent=33732"}],"wp:term":[{"taxonomy":"category","embeddable":true,"href":"https:\/\/icoinformativo.mx\/home\/index.php?rest_route=%2Fwp%2Fv2%2Fcategories&post=33732"},{"taxonomy":"post_tag","embeddable":true,"href":"https:\/\/icoinformativo.mx\/home\/index.php?rest_route=%2Fwp%2Fv2%2Ftags&post=33732"}],"curies":[{"name":"wp","href":"https:\/\/api.w.org\/{rel}","templated":true}]}}