{"id":33729,"date":"2025-12-01T03:37:20","date_gmt":"2025-12-01T03:37:20","guid":{"rendered":"https:\/\/icoinformativo.mx\/home\/?p=33729"},"modified":"2025-12-01T03:37:20","modified_gmt":"2025-12-01T03:37:20","slug":"todo-un-exito-ixtacomitan-conmemora-el-115-aniversario-de-la-revolucion-mexicana-con-magno-desfile","status":"publish","type":"post","link":"https:\/\/icoinformativo.mx\/home\/?p=33729","title":{"rendered":"**Todo un \u00c9xito: Ixtacomit\u00e1n Conmemora el 115 Aniversario de la Revoluci\u00f3n Mexicana con Magno Desfile**"},"content":{"rendered":"<p>&nbsp;<\/p>\n<p>**Ixtacomit\u00e1n, Chiapas, Noviembre del 2025 ** La ma\u00f1ana de este 20 de noviembre se ti\u00f1\u00f3 de fiesta y patriotismo en Ixtacomit\u00e1n, Chiapas, al celebrarse con rotundo \u00e9xito el Desfile C\u00edvico-Deportivo conmemorativo del 115 Aniversario de la Revoluci\u00f3n Mexicana. El evento, que congreg\u00f3 a toda la comunidad, fue presidido por el alcalde Miguel \u00c1ngel Moreno Palacios.<\/p>\n<p>Desde tempranas horas, las calles del municipio se llenaron de color y entusiasmo, con la participaci\u00f3n activa de estudiantes, docentes y diversas autoridades municipales. Todos ellos desfilaron con orgullo, rindiendo homenaje al legado hist\u00f3rico de la Revoluci\u00f3n Mexicana y fortaleciendo los valores de identidad, unidad y trabajo que caracterizan a los \u00abpoasanecos\u00bb, como cari\u00f1osamente se conoce a los habitantes de la regi\u00f3n.<\/p>\n<p>El ambiente de celebraci\u00f3n y civismo se mantuvo a lo largo de todo el recorrido, destacando el esfuerzo y la dedicaci\u00f3n de todos los participantes. La energ\u00eda contagiosa y el esp\u00edritu patri\u00f3tico fueron elementos clave que permitieron que este desfile se desarrollara sin contratiempos, convirti\u00e9ndose en una emotiva manifestaci\u00f3n de tradici\u00f3n y orgullo comunitario.<\/p>\n<p>La jornada concluy\u00f3 con un amplio reconocimiento a todas las personas y organizaciones cuyo arduo trabajo hizo posible este memorable evento, consolid\u00e1ndolo como una de las celebraciones m\u00e1s significativas del a\u00f1o en Ixtacomit\u00e1n.<\/p>\n<p>&#8212;<\/p>\n","protected":false},"excerpt":{"rendered":"<p>&nbsp; **Ixtacomit\u00e1n, Chiapas, Noviembre del 2025 ** La ma\u00f1ana de este 20 de noviembre se&#8230;<\/p>\n","protected":false},"author":2,"featured_media":33730,"comment_status":"closed","ping_status":"closed","sticky":false,"template":"","format":"standard","meta":{"_joinchat":[],"footnotes":""},"categories":[18,1,2,3],"tags":[],"class_list":["post-33729","post","type-post","status-publish","format-standard","has-post-thumbnail","hentry","category-almomento","category-boletin","category-estado","category-health"],"_links":{"self":[{"href":"https:\/\/icoinformativo.mx\/home\/index.php?rest_route=\/wp\/v2\/posts\/33729","targetHints":{"allow":["GET"]}}],"collection":[{"href":"https:\/\/icoinformativo.mx\/home\/index.php?rest_route=\/wp\/v2\/posts"}],"about":[{"href":"https:\/\/icoinformativo.mx\/home\/index.php?rest_route=\/wp\/v2\/types\/post"}],"author":[{"embeddable":true,"href":"https:\/\/icoinformativo.mx\/home\/index.php?rest_route=\/wp\/v2\/users\/2"}],"replies":[{"embeddable":true,"href":"https:\/\/icoinformativo.mx\/home\/index.php?rest_route=%2Fwp%2Fv2%2Fcomments&post=33729"}],"version-history":[{"count":1,"href":"https:\/\/icoinformativo.mx\/home\/index.php?rest_route=\/wp\/v2\/posts\/33729\/revisions"}],"predecessor-version":[{"id":33731,"href":"https:\/\/icoinformativo.mx\/home\/index.php?rest_route=\/wp\/v2\/posts\/33729\/revisions\/33731"}],"wp:featuredmedia":[{"embeddable":true,"href":"https:\/\/icoinformativo.mx\/home\/index.php?rest_route=\/wp\/v2\/media\/33730"}],"wp:attachment":[{"href":"https:\/\/icoinformativo.mx\/home\/index.php?rest_route=%2Fwp%2Fv2%2Fmedia&parent=33729"}],"wp:term":[{"taxonomy":"category","embeddable":true,"href":"https:\/\/icoinformativo.mx\/home\/index.php?rest_route=%2Fwp%2Fv2%2Fcategories&post=33729"},{"taxonomy":"post_tag","embeddable":true,"href":"https:\/\/icoinformativo.mx\/home\/index.php?rest_route=%2Fwp%2Fv2%2Ftags&post=33729"}],"curies":[{"name":"wp","href":"https:\/\/api.w.org\/{rel}","templated":true}]}}