{"id":33722,"date":"2025-12-01T03:18:25","date_gmt":"2025-12-01T03:18:25","guid":{"rendered":"https:\/\/icoinformativo.mx\/home\/?p=33722"},"modified":"2025-12-01T03:18:25","modified_gmt":"2025-12-01T03:18:25","slug":"oficinas-moviles-del-programa-jovenes-construyendo-el-futuro-llegaran-a-solosuchiapa","status":"publish","type":"post","link":"https:\/\/icoinformativo.mx\/home\/?p=33722","title":{"rendered":"OFICINAS M\u00d3VILES DEL PROGRAMA \u00abJ\u00d3VENES CONSTRUYENDO EL FUTURO\u00bb LLEGAR\u00c1N A SOLOSUCHIAPA"},"content":{"rendered":"<p>&nbsp;<\/p>\n<p>**Solosuchiapa, Chiapas &#8216; Noviembre del 225.\u2013** El programa \u00abJ\u00f3venes Construyendo el Futuro\u00bb anuncia la llegada de sus Oficinas M\u00f3viles al municipio de Solosuchiapa, con el objetivo de acercar sus servicios y oportunidades a la comunidad local. La cita es el pr\u00f3ximo **viernes 14 de noviembre, a partir de las 8:00 a.m., en el Domo del parque principal de Solosuchiapa.**<\/p>\n<p>&nbsp;<\/p>\n<p>Esta iniciativa busca facilitar el acceso a la informaci\u00f3n y el apoyo necesario para quienes deseen formar parte de este importante programa. Durante la jornada, los asistentes podr\u00e1n obtener informaci\u00f3n detallada sobre el funcionamiento de \u00abJ\u00f3venes Construyendo el Futuro\u00bb, un programa que vincula a personas de entre 18 y 29 a\u00f1os con empresas, centros de trabajo o instituciones para que desarrollen o fortalezcan sus habilidades laborales.<\/p>\n<p>&nbsp;<\/p>\n<p>Adem\u00e1s, se ofrecer\u00e1 asesor\u00eda especializada para el registro tanto de aprendices como de centros de trabajo interesados en sumarse al programa. Tambi\u00e9n se brindar\u00e1 apoyo para la recuperaci\u00f3n de acceso a cuentas existentes, asegurando que nadie se quede sin la oportunidad de participar debido a problemas t\u00e9cnicos.<\/p>\n<p>&nbsp;<\/p>\n<p>El equipo del programa estar\u00e1 presente en Solosuchiapa para orientar y apoyar a todos los interesados. Se invita a la comunidad a aprovechar esta valiosa oportunidad para resolver dudas, iniciar su registro o recibir el acompa\u00f1amiento necesario para integrarse al mundo laboral a trav\u00e9s de \u00abJ\u00f3venes Construyendo el Futuro\u00bb.<\/p>\n<p>&nbsp;<\/p>\n<p>&#8212;<\/p>\n","protected":false},"excerpt":{"rendered":"<p>&nbsp; **Solosuchiapa, Chiapas &#8216; Noviembre del 225.\u2013** El programa \u00abJ\u00f3venes Construyendo el Futuro\u00bb anuncia la&#8230;<\/p>\n","protected":false},"author":2,"featured_media":33723,"comment_status":"closed","ping_status":"closed","sticky":false,"template":"","format":"standard","meta":{"_joinchat":[],"footnotes":""},"categories":[18,1,2,3],"tags":[],"class_list":["post-33722","post","type-post","status-publish","format-standard","has-post-thumbnail","hentry","category-almomento","category-boletin","category-estado","category-health"],"_links":{"self":[{"href":"https:\/\/icoinformativo.mx\/home\/index.php?rest_route=\/wp\/v2\/posts\/33722","targetHints":{"allow":["GET"]}}],"collection":[{"href":"https:\/\/icoinformativo.mx\/home\/index.php?rest_route=\/wp\/v2\/posts"}],"about":[{"href":"https:\/\/icoinformativo.mx\/home\/index.php?rest_route=\/wp\/v2\/types\/post"}],"author":[{"embeddable":true,"href":"https:\/\/icoinformativo.mx\/home\/index.php?rest_route=\/wp\/v2\/users\/2"}],"replies":[{"embeddable":true,"href":"https:\/\/icoinformativo.mx\/home\/index.php?rest_route=%2Fwp%2Fv2%2Fcomments&post=33722"}],"version-history":[{"count":1,"href":"https:\/\/icoinformativo.mx\/home\/index.php?rest_route=\/wp\/v2\/posts\/33722\/revisions"}],"predecessor-version":[{"id":33724,"href":"https:\/\/icoinformativo.mx\/home\/index.php?rest_route=\/wp\/v2\/posts\/33722\/revisions\/33724"}],"wp:featuredmedia":[{"embeddable":true,"href":"https:\/\/icoinformativo.mx\/home\/index.php?rest_route=\/wp\/v2\/media\/33723"}],"wp:attachment":[{"href":"https:\/\/icoinformativo.mx\/home\/index.php?rest_route=%2Fwp%2Fv2%2Fmedia&parent=33722"}],"wp:term":[{"taxonomy":"category","embeddable":true,"href":"https:\/\/icoinformativo.mx\/home\/index.php?rest_route=%2Fwp%2Fv2%2Fcategories&post=33722"},{"taxonomy":"post_tag","embeddable":true,"href":"https:\/\/icoinformativo.mx\/home\/index.php?rest_route=%2Fwp%2Fv2%2Ftags&post=33722"}],"curies":[{"name":"wp","href":"https:\/\/api.w.org\/{rel}","templated":true}]}}