{"id":33719,"date":"2025-12-01T03:14:28","date_gmt":"2025-12-01T03:14:28","guid":{"rendered":"https:\/\/icoinformativo.mx\/home\/?p=33719"},"modified":"2025-12-01T03:19:09","modified_gmt":"2025-12-01T03:19:09","slug":"solosuchiapa-resuena-con-armonia-ayuntamiento-celebra-el-dia-del-musico","status":"publish","type":"post","link":"https:\/\/icoinformativo.mx\/home\/?p=33719","title":{"rendered":"**Solosuchiapa Resuena con Armon\u00eda: Ayuntamiento Celebra el D\u00eda del M\u00fasico**"},"content":{"rendered":"<p>&nbsp;<\/p>\n<p>**SOLOSUCHIAPA, CHIAPAS \u2013Noviembre del 2025.- La alegr\u00eda y el ritmo invadieron las calles de Solosuchiapa el pasado mi\u00e9rcoles, cuando el Ayuntamiento Municipal, encabezado por el alcalde Fernando Aparicio G\u00f3mez se uni\u00f3 a la celebraci\u00f3n nacional del D\u00eda del M\u00fasico, rindiendo un merecido homenaje a los talentos locales que enriquecen la cultura y el esp\u00edritu de la comunidad.<\/p>\n<p>&nbsp;<\/p>\n<p>Desde las primeras horas de la tarde, la Plaza Principal se transform\u00f3 en un vibrante escenario que congreg\u00f3 a familias enteras, ansiosas por disfrutar de una jornada dedicada a la m\u00fasica en todas sus expresiones. La festividad fue dise\u00f1ada para reconocer la invaluable labor de quienes, con sus melod\u00edas, alegran corazones y preservan las tradiciones musicales de la regi\u00f3n.<\/p>\n<p>&nbsp;<\/p>\n<p>El evento cont\u00f3 con la entusiasta participaci\u00f3n de diversos grupos musicales originarios de Solosuchiapa y sus alrededores. Desde los contagiosos ritmos de la marimba que pusieron a bailar a grandes y peque\u00f1os, hasta las emotivas interpretaciones de duetos y solistas con guitarra, pasando por la energ\u00eda de grupos de m\u00fasica regional mexicana, cada actuaci\u00f3n fue recib recibida con aplausos y ovaciones.<\/p>\n<p>&nbsp;<\/p>\n<p>Representantes del Ayuntamiento expresaron su gratitud a los m\u00fasicos por su dedicaci\u00f3n y por ser pilares fundamentales en el tejido cultural del municipio. \u00abEste d\u00eda es para ustedes, para reconocer el arte que crean y la pasi\u00f3n que le imprimen a cada nota. Solosuchiapa se enorgullece de su talento y los apoya en cada paso de su trayectoria\u00bb, coment\u00f3 un funcionario municipal durante la inauguraci\u00f3n del evento.<\/p>\n<p>&nbsp;<\/p>\n<p>La celebraci\u00f3n del D\u00eda del M\u00fasico no solo sirvi\u00f3 como plataforma para el lucimiento de los artistas locales, sino tambi\u00e9n como un espacio de convivencia y uni\u00f3n comunitaria, reforzando el compromiso del gobierno municipal con el fomento a la cultura y las artes. Los asistentes disfrutaron de un ambiente festivo y familiar, prometiendo convertir esta celebraci\u00f3n en una tradici\u00f3n anual en Solosuchiapa.<\/p>\n<p>&nbsp;<\/p>\n<p>&#8212;<\/p>\n","protected":false},"excerpt":{"rendered":"<p>&nbsp; **SOLOSUCHIAPA, CHIAPAS \u2013Noviembre del 2025.- La alegr\u00eda y el ritmo invadieron las calles de&#8230;<\/p>\n","protected":false},"author":2,"featured_media":33720,"comment_status":"closed","ping_status":"closed","sticky":false,"template":"","format":"standard","meta":{"_joinchat":[],"footnotes":""},"categories":[1],"tags":[],"class_list":["post-33719","post","type-post","status-publish","format-standard","has-post-thumbnail","hentry","category-boletin"],"_links":{"self":[{"href":"https:\/\/icoinformativo.mx\/home\/index.php?rest_route=\/wp\/v2\/posts\/33719","targetHints":{"allow":["GET"]}}],"collection":[{"href":"https:\/\/icoinformativo.mx\/home\/index.php?rest_route=\/wp\/v2\/posts"}],"about":[{"href":"https:\/\/icoinformativo.mx\/home\/index.php?rest_route=\/wp\/v2\/types\/post"}],"author":[{"embeddable":true,"href":"https:\/\/icoinformativo.mx\/home\/index.php?rest_route=\/wp\/v2\/users\/2"}],"replies":[{"embeddable":true,"href":"https:\/\/icoinformativo.mx\/home\/index.php?rest_route=%2Fwp%2Fv2%2Fcomments&post=33719"}],"version-history":[{"count":2,"href":"https:\/\/icoinformativo.mx\/home\/index.php?rest_route=\/wp\/v2\/posts\/33719\/revisions"}],"predecessor-version":[{"id":33725,"href":"https:\/\/icoinformativo.mx\/home\/index.php?rest_route=\/wp\/v2\/posts\/33719\/revisions\/33725"}],"wp:featuredmedia":[{"embeddable":true,"href":"https:\/\/icoinformativo.mx\/home\/index.php?rest_route=\/wp\/v2\/media\/33720"}],"wp:attachment":[{"href":"https:\/\/icoinformativo.mx\/home\/index.php?rest_route=%2Fwp%2Fv2%2Fmedia&parent=33719"}],"wp:term":[{"taxonomy":"category","embeddable":true,"href":"https:\/\/icoinformativo.mx\/home\/index.php?rest_route=%2Fwp%2Fv2%2Fcategories&post=33719"},{"taxonomy":"post_tag","embeddable":true,"href":"https:\/\/icoinformativo.mx\/home\/index.php?rest_route=%2Fwp%2Fv2%2Ftags&post=33719"}],"curies":[{"name":"wp","href":"https:\/\/api.w.org\/{rel}","templated":true}]}}