{"id":33708,"date":"2025-12-01T03:00:17","date_gmt":"2025-12-01T03:00:17","guid":{"rendered":"https:\/\/icoinformativo.mx\/home\/?p=33708"},"modified":"2025-12-01T03:00:17","modified_gmt":"2025-12-01T03:00:17","slug":"solosuchiapa-se-viste-de-gala-para-conmemorar-el-115-aniversario-de-la-revolucion-mexicana-alcalde-fernando-aparicio-gomez-encabeza-festividades","status":"publish","type":"post","link":"https:\/\/icoinformativo.mx\/home\/?p=33708","title":{"rendered":"Solosuchiapa se Viste de Gala para Conmemorar el 115 Aniversario de la Revoluci\u00f3n Mexicana; Alcalde Fernando Aparicio G\u00f3mez Encabeza Festividades**"},"content":{"rendered":"<p>&nbsp;<\/p>\n<p>**Solosuchiapa, Chiapas, Noviembre del 2025.-** Con un notable esp\u00edritu c\u00edvico y la entusiasta participaci\u00f3n de la ciudadan\u00eda, el municipio de Solosuchiapa fue escenario de una emotiva celebraci\u00f3n con motivo del 115 aniversario del inicio de la Revoluci\u00f3n Mexicana. El magno desfile conmemorativo, que tuvo lugar recientemente, fue presidido por el alcalde Fernando Aparicio G\u00f3mez, consolidando un espacio de unidad y remembranza hist\u00f3rica para la comunidad.<\/p>\n<p>&nbsp;<\/p>\n<p>Desde tempranas horas, las principales calles de Solosuchiapa se llenaron de color y patriotismo, congregando a cientos de espectadores que se dieron cita para presenciar el paso de contingentes estudiantiles, personal docente, autoridades municipales y diversas instituciones. Los participantes, engalanados con trajes t\u00edpicos alusivos a la \u00e9poca revolucionaria y portando banderines y pancartas, desfilaron con orden y marcialidad, rindiendo homenaje a los h\u00e9roes y hero\u00ednas que forjaron la naci\u00f3n.<\/p>\n<p>&nbsp;<\/p>\n<p>El presidente municipal, Fernando Aparicio G\u00f3mez, encabez\u00f3 la comitiva oficial, visiblemente conmovido por la respuesta y el compromiso de los habitantes de Solosuchiapa. En un breve mensaje a la comunidad, el alcalde destac\u00f3 la importancia de mantener viva la memoria hist\u00f3rica y de comprender el legado de lucha y justicia que representa la Revoluci\u00f3n Mexicana. \u00abHoy, al conmemorar el 115 aniversario de este trascendental movimiento, recordamos los ideales de libertad, igualdad y justicia social que impulsaron a nuestros antepasados. Es nuestro deber, como ciudadanos y como gobierno, trabajar incansablemente para honrar ese legado y construir un Solosuchiapa m\u00e1s pr\u00f3spero y equitativo para las futuras generaciones\u00bb, expres\u00f3 Aparicio G\u00f3mez.<\/p>\n<p>&nbsp;<\/p>\n<p>El desfile no solo fue una muestra de civismo, sino tambi\u00e9n un espacio para la cultura y el rescate de las tradiciones. Bandas de guerra y escoltas escolares demostraron su disciplina, mientras que representaciones art\u00edsticas y carros aleg\u00f3ricos a\u00f1adieron un toque festivo a la jornada.<\/p>\n<p>&nbsp;<\/p>\n<p>La celebraci\u00f3n concluy\u00f3 con un ambiente de orgullo nacional, reafirmando el compromiso de Solosuchiapa con su historia y sus valores patrios, bajo el liderazgo del alcalde Fernando Aparicio G\u00f3mez, quien agradeci\u00f3 la activa participaci\u00f3n de todos los involucrados en este significativo evento.<\/p>\n","protected":false},"excerpt":{"rendered":"<p>&nbsp; **Solosuchiapa, Chiapas, Noviembre del 2025.-** Con un notable esp\u00edritu c\u00edvico y la entusiasta participaci\u00f3n&#8230;<\/p>\n","protected":false},"author":2,"featured_media":33711,"comment_status":"closed","ping_status":"closed","sticky":false,"template":"","format":"standard","meta":{"_joinchat":[],"footnotes":""},"categories":[1],"tags":[],"class_list":["post-33708","post","type-post","status-publish","format-standard","has-post-thumbnail","hentry","category-boletin"],"_links":{"self":[{"href":"https:\/\/icoinformativo.mx\/home\/index.php?rest_route=\/wp\/v2\/posts\/33708","targetHints":{"allow":["GET"]}}],"collection":[{"href":"https:\/\/icoinformativo.mx\/home\/index.php?rest_route=\/wp\/v2\/posts"}],"about":[{"href":"https:\/\/icoinformativo.mx\/home\/index.php?rest_route=\/wp\/v2\/types\/post"}],"author":[{"embeddable":true,"href":"https:\/\/icoinformativo.mx\/home\/index.php?rest_route=\/wp\/v2\/users\/2"}],"replies":[{"embeddable":true,"href":"https:\/\/icoinformativo.mx\/home\/index.php?rest_route=%2Fwp%2Fv2%2Fcomments&post=33708"}],"version-history":[{"count":1,"href":"https:\/\/icoinformativo.mx\/home\/index.php?rest_route=\/wp\/v2\/posts\/33708\/revisions"}],"predecessor-version":[{"id":33712,"href":"https:\/\/icoinformativo.mx\/home\/index.php?rest_route=\/wp\/v2\/posts\/33708\/revisions\/33712"}],"wp:featuredmedia":[{"embeddable":true,"href":"https:\/\/icoinformativo.mx\/home\/index.php?rest_route=\/wp\/v2\/media\/33711"}],"wp:attachment":[{"href":"https:\/\/icoinformativo.mx\/home\/index.php?rest_route=%2Fwp%2Fv2%2Fmedia&parent=33708"}],"wp:term":[{"taxonomy":"category","embeddable":true,"href":"https:\/\/icoinformativo.mx\/home\/index.php?rest_route=%2Fwp%2Fv2%2Fcategories&post=33708"},{"taxonomy":"post_tag","embeddable":true,"href":"https:\/\/icoinformativo.mx\/home\/index.php?rest_route=%2Fwp%2Fv2%2Ftags&post=33708"}],"curies":[{"name":"wp","href":"https:\/\/api.w.org\/{rel}","templated":true}]}}