{"id":33692,"date":"2025-11-28T02:58:20","date_gmt":"2025-11-28T02:58:20","guid":{"rendered":"https:\/\/icoinformativo.mx\/home\/?p=33692"},"modified":"2025-11-28T02:58:20","modified_gmt":"2025-11-28T02:58:20","slug":"lenguaje-cultura-y-transformacion-el-lekil-kuxlejal-se-vuelve-tendencia","status":"publish","type":"post","link":"https:\/\/icoinformativo.mx\/home\/?p=33692","title":{"rendered":"Lenguaje, cultura y transformaci\u00f3n: el Lekil Kuxlejal se vuelve tendencia"},"content":{"rendered":"<p>&nbsp;<\/p>\n<p>El foro se consolid\u00f3 como un espacio para reconocer, aprender y reflexionar sobre la fuerza transformadora del Buen Vivir<\/p>\n<p>&nbsp;<\/p>\n<p>\u201cHoy hablar del Lekil Kuxlejal (Buen Vivir) es colocar en el centro el coraz\u00f3n de la pol\u00edtica p\u00fablica del estado y la gu\u00eda de este gobierno humanista. No ser\u00e1 solo una propuesta, sino una convicci\u00f3n que marcar\u00e1 tendencia\u201d, expuso el secretario de Educaci\u00f3n, Roger Mandujano, durante el conversatorio con los integrantes del programa La Dichosa Palabra, Eduardo Casar y Laura Garc\u00eda Arroyo.<\/p>\n<p>&nbsp;<\/p>\n<p>En el marco de los trabajos de transformaci\u00f3n educativa que integran la cosmovisi\u00f3n maya-tsotsil a las pol\u00edticas p\u00fablicas de Chiapas, el secretario de Educaci\u00f3n y los reconocidos conductores de La Dichosa Palabra, referentes de la divulgaci\u00f3n literaria en Canal 22, profundizaron en la renovaci\u00f3n de la conciencia a trav\u00e9s del lenguaje y una mirada descolonizadora del pensamiento.<\/p>\n<p>&nbsp;<\/p>\n<p>Eduardo Casar reflexion\u00f3 sobre la creaci\u00f3n del lenguaje como \u201cuna parte del cuerpo invisible\u201d capaz de generar v\u00ednculos profundos con quien escucha: \u201cHoy estamos ante una palabra que crea un mundo: el Lekil Kuxlejal\u201d.<\/p>\n<p>&nbsp;<\/p>\n<p>Por su parte, Laura Garc\u00eda Arroyo destac\u00f3 la importancia de hacer presente el Buen Vivir a trav\u00e9s de la palabra: \u201cNombrarlo lo vuelve parte de nosotros; desde ah\u00ed nace una relaci\u00f3n que transforma\u201d.<\/p>\n<p>&nbsp;<\/p>\n<p>\u201cEl Lekil Kuxlejal se pondr\u00e1 de moda. Aunque est\u00e1 ligado al disfrute, tambi\u00e9n implica transitar lo positivo y lo negativo para mejorar nuestro entorno y desarrollar una conciencia del mundo. En alg\u00fan momento seremos capaces de alcanzar ese entendimiento\u201d, agreg\u00f3.<\/p>\n<p>&nbsp;<\/p>\n<p>Para cerrar, el titular de la pol\u00edtica educativa expres\u00f3 que, en estos espacios, el conocimiento no solo nace de la fuerza de la palabra, sino que adquiere sentido para construir nuevas realidades desde la pluralidad de los pueblos originarios. Todo ello, -dijo- bajo el prop\u00f3sito de escribir una nueva historia para Chiapas, sustentada en el lenguaje y articulada con la visi\u00f3n humanista y de transformaci\u00f3n educativa que encabeza el gobernador Eduardo Ram\u00edrez Aguilar.<\/p>\n<p>&nbsp;<\/p>\n<p>\u201cEl Buen Vivir tiene tres componentes: el ancestral y espiritual, representado por el ch\u2019ulel (Alma); el intersubjetivo, que se expresa en la conciencia comunitaria; y el ecol\u00f3gico, vinculado con Jme\u2019tik Ch\u2019Balamil (Sagrada Madre Tierra). Por ello, apostamos a una formaci\u00f3n hol\u00edstica\u201d, expres\u00f3 el secretario de Educaci\u00f3n<\/p>\n<p>&nbsp;<\/p>\n<p>En esta ruta convergen los pilares de la Pedagog\u00eda de las Conciencias, que fortalecen el pensamiento comunitario y el bienestar social mediante la integraci\u00f3n de saberes ancestrales y las realidades de los pueblos ind\u00edgenas, a trav\u00e9s de los principios: Ich\u2019el ta muk\u2019 (Respeto), Lekil Chanel (Aprendizaje con prop\u00f3sito) y K\u2019uxubinel (Sensibilidad solidaria). Estos fundamentos abren camino a la aplicaci\u00f3n de etnopedagog\u00edas en los procesos formativos de la comunidad educativa y en la vida social de Chiapas.<\/p>\n<p>&nbsp;<\/p>\n<p>En un ambiente cercano y creativo, asistentes y ponentes compartieron ideas, an\u00e9cdotas y reflexiones, recordando la importancia de escuchar, dialogar y reconocer la riqueza cultural que da identidad al estado.<\/p>\n","protected":false},"excerpt":{"rendered":"<p>&nbsp; El foro se consolid\u00f3 como un espacio para reconocer, aprender y reflexionar sobre la&#8230;<\/p>\n","protected":false},"author":2,"featured_media":33693,"comment_status":"closed","ping_status":"closed","sticky":false,"template":"","format":"standard","meta":{"_joinchat":[],"footnotes":""},"categories":[1],"tags":[],"class_list":["post-33692","post","type-post","status-publish","format-standard","has-post-thumbnail","hentry","category-boletin"],"_links":{"self":[{"href":"https:\/\/icoinformativo.mx\/home\/index.php?rest_route=\/wp\/v2\/posts\/33692","targetHints":{"allow":["GET"]}}],"collection":[{"href":"https:\/\/icoinformativo.mx\/home\/index.php?rest_route=\/wp\/v2\/posts"}],"about":[{"href":"https:\/\/icoinformativo.mx\/home\/index.php?rest_route=\/wp\/v2\/types\/post"}],"author":[{"embeddable":true,"href":"https:\/\/icoinformativo.mx\/home\/index.php?rest_route=\/wp\/v2\/users\/2"}],"replies":[{"embeddable":true,"href":"https:\/\/icoinformativo.mx\/home\/index.php?rest_route=%2Fwp%2Fv2%2Fcomments&post=33692"}],"version-history":[{"count":1,"href":"https:\/\/icoinformativo.mx\/home\/index.php?rest_route=\/wp\/v2\/posts\/33692\/revisions"}],"predecessor-version":[{"id":33694,"href":"https:\/\/icoinformativo.mx\/home\/index.php?rest_route=\/wp\/v2\/posts\/33692\/revisions\/33694"}],"wp:featuredmedia":[{"embeddable":true,"href":"https:\/\/icoinformativo.mx\/home\/index.php?rest_route=\/wp\/v2\/media\/33693"}],"wp:attachment":[{"href":"https:\/\/icoinformativo.mx\/home\/index.php?rest_route=%2Fwp%2Fv2%2Fmedia&parent=33692"}],"wp:term":[{"taxonomy":"category","embeddable":true,"href":"https:\/\/icoinformativo.mx\/home\/index.php?rest_route=%2Fwp%2Fv2%2Fcategories&post=33692"},{"taxonomy":"post_tag","embeddable":true,"href":"https:\/\/icoinformativo.mx\/home\/index.php?rest_route=%2Fwp%2Fv2%2Ftags&post=33692"}],"curies":[{"name":"wp","href":"https:\/\/api.w.org\/{rel}","templated":true}]}}