{"id":33686,"date":"2025-11-28T02:47:42","date_gmt":"2025-11-28T02:47:42","guid":{"rendered":"https:\/\/icoinformativo.mx\/home\/?p=33686"},"modified":"2025-11-28T02:47:42","modified_gmt":"2025-11-28T02:47:42","slug":"sectur-presenta-galeria-rodante-chiapas-extraordinario-por-naturaleza","status":"publish","type":"post","link":"https:\/\/icoinformativo.mx\/home\/?p=33686","title":{"rendered":"Sectur presenta galer\u00eda rodante \u201cChiapas Extraordinario por Naturaleza\u201d"},"content":{"rendered":"<p>&nbsp;<\/p>\n<p>Tuxtla Guti\u00e9rrez, Chis.- La Secretar\u00eda de Turismo de Chiapas (Sectur Chiapas) present\u00f3 la galer\u00eda rodante \u201cChiapas Extraordinario por Naturaleza\u201d, un proyecto desarrollado en coordinaci\u00f3n con Mobility ADO, que convierte a una de sus unidades en un aut\u00e9ntico embajador m\u00f3vil del estado.<\/p>\n<p>Encabezado por la secretaria de Turismo, Mar\u00eda Eugenia Culebro P\u00e9rez, y por el gerente general de la regi\u00f3n Chiapas de Grupo Mobility ADO, Arturo Garc\u00eda Miranda, el evento destac\u00f3 esta iniciativa como una ventana itinerante que llevar\u00e1 la riqueza cultural, hist\u00f3rica y art\u00edstica de Chiapas a miles de personas.<\/p>\n<p>El dise\u00f1o de la unidad convierte al autob\u00fas en una obra de arte que proyecta los paisajes, costumbres y tradiciones de Chiapas, fortaleciendo su posicionamiento tur\u00edstico en otros estados donde la empresa tiene presencia, como Ciudad de M\u00e9xico, Veracruz, Puebla, Tabasco, Campeche, Yucat\u00e1n y Quintana Roo.<\/p>\n<p>Este esfuerzo forma parte de un convenio que impulsa la difusi\u00f3n de la cultura y el turismo chiapaneco en el Centro y Sur del pa\u00eds.<\/p>\n<p>Durante la presentaci\u00f3n se anunci\u00f3 que el primer recorrido inaugural se realizar\u00e1 junto a j\u00f3venes del Instituto de la Juventud del Estado de Chiapas, encabezado por su director general, Edgar Alejandro Abarca Palma, quienes ser\u00e1n los primeros en vivir esta experiencia que muestra a Chiapas como un destino extraordinario por naturaleza.<\/p>\n","protected":false},"excerpt":{"rendered":"<p>&nbsp; Tuxtla Guti\u00e9rrez, Chis.- La Secretar\u00eda de Turismo de Chiapas (Sectur Chiapas) present\u00f3 la galer\u00eda&#8230;<\/p>\n","protected":false},"author":2,"featured_media":33687,"comment_status":"closed","ping_status":"closed","sticky":false,"template":"","format":"standard","meta":{"_joinchat":[],"footnotes":""},"categories":[1],"tags":[],"class_list":["post-33686","post","type-post","status-publish","format-standard","has-post-thumbnail","hentry","category-boletin"],"_links":{"self":[{"href":"https:\/\/icoinformativo.mx\/home\/index.php?rest_route=\/wp\/v2\/posts\/33686","targetHints":{"allow":["GET"]}}],"collection":[{"href":"https:\/\/icoinformativo.mx\/home\/index.php?rest_route=\/wp\/v2\/posts"}],"about":[{"href":"https:\/\/icoinformativo.mx\/home\/index.php?rest_route=\/wp\/v2\/types\/post"}],"author":[{"embeddable":true,"href":"https:\/\/icoinformativo.mx\/home\/index.php?rest_route=\/wp\/v2\/users\/2"}],"replies":[{"embeddable":true,"href":"https:\/\/icoinformativo.mx\/home\/index.php?rest_route=%2Fwp%2Fv2%2Fcomments&post=33686"}],"version-history":[{"count":1,"href":"https:\/\/icoinformativo.mx\/home\/index.php?rest_route=\/wp\/v2\/posts\/33686\/revisions"}],"predecessor-version":[{"id":33688,"href":"https:\/\/icoinformativo.mx\/home\/index.php?rest_route=\/wp\/v2\/posts\/33686\/revisions\/33688"}],"wp:featuredmedia":[{"embeddable":true,"href":"https:\/\/icoinformativo.mx\/home\/index.php?rest_route=\/wp\/v2\/media\/33687"}],"wp:attachment":[{"href":"https:\/\/icoinformativo.mx\/home\/index.php?rest_route=%2Fwp%2Fv2%2Fmedia&parent=33686"}],"wp:term":[{"taxonomy":"category","embeddable":true,"href":"https:\/\/icoinformativo.mx\/home\/index.php?rest_route=%2Fwp%2Fv2%2Fcategories&post=33686"},{"taxonomy":"post_tag","embeddable":true,"href":"https:\/\/icoinformativo.mx\/home\/index.php?rest_route=%2Fwp%2Fv2%2Ftags&post=33686"}],"curies":[{"name":"wp","href":"https:\/\/api.w.org\/{rel}","templated":true}]}}