{"id":33683,"date":"2025-11-28T02:44:15","date_gmt":"2025-11-28T02:44:15","guid":{"rendered":"https:\/\/icoinformativo.mx\/home\/?p=33683"},"modified":"2025-11-28T02:44:15","modified_gmt":"2025-11-28T02:44:15","slug":"icheja-fortalece-la-educacion-con-firma-de-convenios-en-tecpatan-y-copainala","status":"publish","type":"post","link":"https:\/\/icoinformativo.mx\/home\/?p=33683","title":{"rendered":"Icheja fortalece la educaci\u00f3n con firma de convenios en Tecpat\u00e1n y Copainal\u00e1"},"content":{"rendered":"<p>&nbsp;<\/p>\n<p>El Instituto Chiapaneco de Educaci\u00f3n para J\u00f3venes y Adultos (Icheja) reforz\u00f3 su compromiso con la formaci\u00f3n de personas j\u00f3venes y adultas mediante la firma de convenios de colaboraci\u00f3n y de Plazas Comunitarias en los municipios de Tecpat\u00e1n y Copainal\u00e1, as\u00ed como con la entrega de becas Rosario Castellanos y constancias de alfabetizaci\u00f3n a educandos inscritos en el programa Chiapas Puede.<\/p>\n<p>En Tecpat\u00e1n, el director general del Icheja, Sergio David Molina G\u00f3mez, encabez\u00f3 la firma del convenio junto al presidente municipal, C\u00e9sar Mar\u00edn, con el objetivo de fortalecer las plazas comunitarias \u00abJaime Torres Bodet\u00bb y \u00abSor Juana In\u00e9s de la Cruz\u00bb y de esta forma ampliar el acceso a servicios educativos para quienes m\u00e1s lo necesiten.<\/p>\n<p>Durante su intervenci\u00f3n, Molina G\u00f3mez reconoci\u00f3 la sensibilidad y el compromiso de quienes se sumaron a esta gran cruzada estatal por la alfabetizaci\u00f3n, demostrando que siempre es posible aprender.<\/p>\n<p>\u201cLa educaci\u00f3n transforma vidas y es una herramienta poderosa que nos brinda claridad y seguridad, para que nadie nos diga o nos mienta sobre lo que hacemos o firmamos\u201d, expres\u00f3.<\/p>\n<p>Posteriormente, en el municipio de Copainal\u00e1, el titular del Icheja y el presidente municipal, Carlos Cruz Cruz, formalizaron otro convenio de colaboraci\u00f3n para reforzar las acciones educativas en las comunidades de la regi\u00f3n.<\/p>\n<p>Al respecto, Molina G\u00f3mez destac\u00f3 que la educaci\u00f3n es una prioridad, y que gracias a estas alianzas se logra acercar m\u00e1s oportunidades a quienes desean continuar o concluir sus estudios.<\/p>\n<p>Asimismo, celebr\u00f3 el esfuerzo de las y los educandos subrayando que cada constancia, cada beca y cada paso que dan en su aprendizaje es un logro no solo personal, sino tambi\u00e9n familiar y comunitario.<\/p>\n<p>Finalmente, agradeci\u00f3 la disposici\u00f3n de las autoridades de estos dos municipios por coadyuvar en esta gran labor para cumplir la encomienda del gobernador del Estado, Eduardo Ram\u00edrez Aguilar, de levantar bandera blanca en Chiapas y erradicar el analfabetismo.<\/p>\n<p>Con estas acciones, el Icheja reafirma su labor de promover una educaci\u00f3n accesible y cercana a todas y todos, especialmente en las regiones donde m\u00e1s se necesita.<\/p>\n","protected":false},"excerpt":{"rendered":"<p>&nbsp; El Instituto Chiapaneco de Educaci\u00f3n para J\u00f3venes y Adultos (Icheja) reforz\u00f3 su compromiso con&#8230;<\/p>\n","protected":false},"author":2,"featured_media":33684,"comment_status":"closed","ping_status":"closed","sticky":false,"template":"","format":"standard","meta":{"_joinchat":[],"footnotes":""},"categories":[1],"tags":[],"class_list":["post-33683","post","type-post","status-publish","format-standard","has-post-thumbnail","hentry","category-boletin"],"_links":{"self":[{"href":"https:\/\/icoinformativo.mx\/home\/index.php?rest_route=\/wp\/v2\/posts\/33683","targetHints":{"allow":["GET"]}}],"collection":[{"href":"https:\/\/icoinformativo.mx\/home\/index.php?rest_route=\/wp\/v2\/posts"}],"about":[{"href":"https:\/\/icoinformativo.mx\/home\/index.php?rest_route=\/wp\/v2\/types\/post"}],"author":[{"embeddable":true,"href":"https:\/\/icoinformativo.mx\/home\/index.php?rest_route=\/wp\/v2\/users\/2"}],"replies":[{"embeddable":true,"href":"https:\/\/icoinformativo.mx\/home\/index.php?rest_route=%2Fwp%2Fv2%2Fcomments&post=33683"}],"version-history":[{"count":1,"href":"https:\/\/icoinformativo.mx\/home\/index.php?rest_route=\/wp\/v2\/posts\/33683\/revisions"}],"predecessor-version":[{"id":33685,"href":"https:\/\/icoinformativo.mx\/home\/index.php?rest_route=\/wp\/v2\/posts\/33683\/revisions\/33685"}],"wp:featuredmedia":[{"embeddable":true,"href":"https:\/\/icoinformativo.mx\/home\/index.php?rest_route=\/wp\/v2\/media\/33684"}],"wp:attachment":[{"href":"https:\/\/icoinformativo.mx\/home\/index.php?rest_route=%2Fwp%2Fv2%2Fmedia&parent=33683"}],"wp:term":[{"taxonomy":"category","embeddable":true,"href":"https:\/\/icoinformativo.mx\/home\/index.php?rest_route=%2Fwp%2Fv2%2Fcategories&post=33683"},{"taxonomy":"post_tag","embeddable":true,"href":"https:\/\/icoinformativo.mx\/home\/index.php?rest_route=%2Fwp%2Fv2%2Ftags&post=33683"}],"curies":[{"name":"wp","href":"https:\/\/api.w.org\/{rel}","templated":true}]}}