{"id":33680,"date":"2025-11-28T02:37:49","date_gmt":"2025-11-28T02:37:49","guid":{"rendered":"https:\/\/icoinformativo.mx\/home\/?p=33680"},"modified":"2025-11-28T02:37:49","modified_gmt":"2025-11-28T02:37:49","slug":"dialogo-constante-permite-atender-al-sector-transportista-smyt","status":"publish","type":"post","link":"https:\/\/icoinformativo.mx\/home\/?p=33680","title":{"rendered":"Di\u00e1logo constante permite atender al sector transportista: SMYT"},"content":{"rendered":"<p>&nbsp;<\/p>\n<p>&nbsp;<\/p>\n<p>Tuxtla Guti\u00e9rrez, Chiapas; 27 de noviembre de 2025.- La Secretar\u00eda de Movilidad y Transporte (SMyT) mantiene un di\u00e1logo abierto y permanente con el sector transportista, muestra de ello es el encuentro con concesionarios y operadores de Tuxtla Guti\u00e9rrez, encabezado por la titular de la dependencia, Albania Gonz\u00e1lez P\u00f3lito, con la presencia del diputado presidente de la Comisi\u00f3n de Transporte del Congreso del Estado, Rub\u00e9n Zuarth Esquinca.<\/p>\n<p>Durante las reuniones se han escuchado de manera directa las inquietudes y planteamientos del gremio, con el objetivo de seguir avanzando en la construcci\u00f3n de un transporte p\u00fablico m\u00e1s eficiente, seguro y ordenado.<\/p>\n<p>En el encuentro con varios transportistas, entre ellos Roberto Valent\u00edn Gordillo Padilla, Jorge Omar V\u00e1zquez Mart\u00ednez, Uber Vel\u00e1zquez, Jorge Antonio Aguilar Lim\u00f3n, entre otros, se reafirm\u00f3 la voluntad de mantener este espacio de di\u00e1logo como una herramienta fundamental para construir acuerdos y avanzar en la transformaci\u00f3n del transporte p\u00fablico, en beneficio de las y los chiapanecos.<\/p>\n<p>Gonz\u00e1lez P\u00f3lito destac\u00f3 la importancia de fortalecer la comunicaci\u00f3n con quienes forman parte activa de este sector, ya que su experiencia cotidiana permite identificar \u00e1reas de oportunidad y generar soluciones conjuntas que beneficien a la ciudadan\u00eda.<\/p>\n<p>Adem\u00e1s, se\u00f1al\u00f3 que el prop\u00f3sito central es mejorar el servicio en cada rinc\u00f3n de Chiapas, impulsando acciones que permitan modernizar las unidades, profesionalizar a los operadores y garantizar condiciones adecuadas de operaci\u00f3n.<\/p>\n<p>Finalmente, puntualiz\u00f3 que desde la SMyT se trabaja de manera integral para elevar la seguridad vial y fortalecer la regulaci\u00f3n, siempre bajo un enfoque de legalidad y respeto a los derechos de los usuarios.<\/p>\n","protected":false},"excerpt":{"rendered":"<p>&nbsp; &nbsp; Tuxtla Guti\u00e9rrez, Chiapas; 27 de noviembre de 2025.- La Secretar\u00eda de Movilidad y&#8230;<\/p>\n","protected":false},"author":2,"featured_media":33681,"comment_status":"closed","ping_status":"closed","sticky":false,"template":"","format":"standard","meta":{"_joinchat":[],"footnotes":""},"categories":[1],"tags":[],"class_list":["post-33680","post","type-post","status-publish","format-standard","has-post-thumbnail","hentry","category-boletin"],"_links":{"self":[{"href":"https:\/\/icoinformativo.mx\/home\/index.php?rest_route=\/wp\/v2\/posts\/33680","targetHints":{"allow":["GET"]}}],"collection":[{"href":"https:\/\/icoinformativo.mx\/home\/index.php?rest_route=\/wp\/v2\/posts"}],"about":[{"href":"https:\/\/icoinformativo.mx\/home\/index.php?rest_route=\/wp\/v2\/types\/post"}],"author":[{"embeddable":true,"href":"https:\/\/icoinformativo.mx\/home\/index.php?rest_route=\/wp\/v2\/users\/2"}],"replies":[{"embeddable":true,"href":"https:\/\/icoinformativo.mx\/home\/index.php?rest_route=%2Fwp%2Fv2%2Fcomments&post=33680"}],"version-history":[{"count":1,"href":"https:\/\/icoinformativo.mx\/home\/index.php?rest_route=\/wp\/v2\/posts\/33680\/revisions"}],"predecessor-version":[{"id":33682,"href":"https:\/\/icoinformativo.mx\/home\/index.php?rest_route=\/wp\/v2\/posts\/33680\/revisions\/33682"}],"wp:featuredmedia":[{"embeddable":true,"href":"https:\/\/icoinformativo.mx\/home\/index.php?rest_route=\/wp\/v2\/media\/33681"}],"wp:attachment":[{"href":"https:\/\/icoinformativo.mx\/home\/index.php?rest_route=%2Fwp%2Fv2%2Fmedia&parent=33680"}],"wp:term":[{"taxonomy":"category","embeddable":true,"href":"https:\/\/icoinformativo.mx\/home\/index.php?rest_route=%2Fwp%2Fv2%2Fcategories&post=33680"},{"taxonomy":"post_tag","embeddable":true,"href":"https:\/\/icoinformativo.mx\/home\/index.php?rest_route=%2Fwp%2Fv2%2Ftags&post=33680"}],"curies":[{"name":"wp","href":"https:\/\/api.w.org\/{rel}","templated":true}]}}