{"id":33677,"date":"2025-11-28T02:34:08","date_gmt":"2025-11-28T02:34:08","guid":{"rendered":"https:\/\/icoinformativo.mx\/home\/?p=33677"},"modified":"2025-11-28T02:34:08","modified_gmt":"2025-11-28T02:34:08","slug":"encabeza-secretaria-general-de-gobierno-y-mediacion-el-retorno-humanista-de-familias-desplazadas-en-chenalho","status":"publish","type":"post","link":"https:\/\/icoinformativo.mx\/home\/?p=33677","title":{"rendered":"Encabeza Secretar\u00eda General de Gobierno y Mediaci\u00f3n el Retorno Humanista de familias desplazadas en Chenalh\u00f3"},"content":{"rendered":"<p>&nbsp;<\/p>\n<p>&nbsp;<\/p>\n<p>Siguiendo los lineamientos del Humanismo que Transforma, y en representaci\u00f3n del gobernador Eduardo Ram\u00edrez Aguilar, la secretaria general de Gobierno y Mediaci\u00f3n, Dulce Rodr\u00edguez Ovando, encabez\u00f3 el acto protocolario del Retorno Humanista de las familias desplazadas del ejido Puebla, en el municipio de Chenalh\u00f3, quienes despu\u00e9s de casi 10 a\u00f1os pudieron regresar a su hogar en un proceso acompa\u00f1ado, seguro y respetuoso de sus derechos.<\/p>\n<p>Durante el evento, la coordinadora de Dise\u00f1o e Implementaci\u00f3n de Pol\u00edtica P\u00fablica de Derechos Humanos de la Secretar\u00eda de Gobernaci\u00f3n, Irene \u00c1lvarez, destac\u00f3 que este retorno es muestra del compromiso de la presidenta Claudia Sheinbaum Pardo para fortalecer la pol\u00edtica nacional de apoyo a comunidades hist\u00f3ricamente vulneradas y reafirmar los esfuerzos federales en la construcci\u00f3n de paz y reconciliaci\u00f3n territorial.<\/p>\n<p>Por su parte, el fiscal general del Estado, Jorge Luis Llaven Abarca, subray\u00f3 que este retorno cuenta con un mecanismo integral de protecci\u00f3n, garantizando condiciones de seguridad para que las familias retomen su vida comunitaria con tranquilidad y plena certeza institucional.<\/p>\n<p>Asimismo, el secretario de Protecci\u00f3n Civil, Mauricio Cordero, realiz\u00f3 la entrega de kits invernales a las y los habitantes del ejido, reforzando las acciones de asistencia humanitaria y prevenci\u00f3n ante las bajas temperaturas que se registran en la regi\u00f3n durante esta temporada.<\/p>\n<p>Durante su participaci\u00f3n, el presidente municipal de Chenalh\u00f3, Alberto L\u00f3pez Gonz\u00e1lez, reconoci\u00f3 el acompa\u00f1amiento de los tres \u00f3rdenes de gobierno y reiter\u00f3 su compromiso para fortalecer el tejido social, promover la armon\u00eda comunitaria y asegurar que este retorno sea duradero y libre de riesgos.<\/p>\n<p>Finalmente, autoridades estatales, federales y municipales constataron tambi\u00e9n la entrega de viviendas otorgadas a trav\u00e9s del Gobierno de M\u00e9xico, consolidando un retorno digno, seguro, voluntario y profundamente hist\u00f3rico para la comunidad del ejido Puebla.<\/p>\n<p>Con estas acciones, Chiapas reafirma su compromiso con la justicia social, la pacificaci\u00f3n de los territorios y el respeto a los derechos humanos.<\/p>\n","protected":false},"excerpt":{"rendered":"<p>&nbsp; &nbsp; Siguiendo los lineamientos del Humanismo que Transforma, y en representaci\u00f3n del gobernador Eduardo&#8230;<\/p>\n","protected":false},"author":2,"featured_media":33678,"comment_status":"closed","ping_status":"closed","sticky":false,"template":"","format":"standard","meta":{"_joinchat":[],"footnotes":""},"categories":[1],"tags":[],"class_list":["post-33677","post","type-post","status-publish","format-standard","has-post-thumbnail","hentry","category-boletin"],"_links":{"self":[{"href":"https:\/\/icoinformativo.mx\/home\/index.php?rest_route=\/wp\/v2\/posts\/33677","targetHints":{"allow":["GET"]}}],"collection":[{"href":"https:\/\/icoinformativo.mx\/home\/index.php?rest_route=\/wp\/v2\/posts"}],"about":[{"href":"https:\/\/icoinformativo.mx\/home\/index.php?rest_route=\/wp\/v2\/types\/post"}],"author":[{"embeddable":true,"href":"https:\/\/icoinformativo.mx\/home\/index.php?rest_route=\/wp\/v2\/users\/2"}],"replies":[{"embeddable":true,"href":"https:\/\/icoinformativo.mx\/home\/index.php?rest_route=%2Fwp%2Fv2%2Fcomments&post=33677"}],"version-history":[{"count":1,"href":"https:\/\/icoinformativo.mx\/home\/index.php?rest_route=\/wp\/v2\/posts\/33677\/revisions"}],"predecessor-version":[{"id":33679,"href":"https:\/\/icoinformativo.mx\/home\/index.php?rest_route=\/wp\/v2\/posts\/33677\/revisions\/33679"}],"wp:featuredmedia":[{"embeddable":true,"href":"https:\/\/icoinformativo.mx\/home\/index.php?rest_route=\/wp\/v2\/media\/33678"}],"wp:attachment":[{"href":"https:\/\/icoinformativo.mx\/home\/index.php?rest_route=%2Fwp%2Fv2%2Fmedia&parent=33677"}],"wp:term":[{"taxonomy":"category","embeddable":true,"href":"https:\/\/icoinformativo.mx\/home\/index.php?rest_route=%2Fwp%2Fv2%2Fcategories&post=33677"},{"taxonomy":"post_tag","embeddable":true,"href":"https:\/\/icoinformativo.mx\/home\/index.php?rest_route=%2Fwp%2Fv2%2Ftags&post=33677"}],"curies":[{"name":"wp","href":"https:\/\/api.w.org\/{rel}","templated":true}]}}