{"id":33674,"date":"2025-11-27T03:44:20","date_gmt":"2025-11-27T03:44:20","guid":{"rendered":"https:\/\/icoinformativo.mx\/home\/?p=33674"},"modified":"2025-11-27T03:44:20","modified_gmt":"2025-11-27T03:44:20","slug":"estudiantes-del-cecytech-triunfan-en-concurso-nacional-de-la-secretaria-de-marina","status":"publish","type":"post","link":"https:\/\/icoinformativo.mx\/home\/?p=33674","title":{"rendered":"Estudiantes del Cecytech triunfan en concurso nacional de la Secretar\u00eda de Marina"},"content":{"rendered":"<p>&nbsp;<\/p>\n<p>&nbsp;<\/p>\n<p>J\u00f3venes del Plantel 02 \u00c1ngel Albino Corzo obtuvieron los primeros lugares en el certamen nacional de fotograf\u00eda \u201cLa Juventud y la Mar\u201d, destacando por su talento y compromiso con la conciencia ecol\u00f3gica mar\u00edtima<\/p>\n<p>&nbsp;<\/p>\n<p>Tuxtla Guti\u00e9rrez, Chiapas.- El Colegio de Estudios Cient\u00edficos y Tecnol\u00f3gicos del Estado de Chiapas (Cecytech) reconoci\u00f3 a Keyi Santizo Ram\u00edrez y Sergio Emmanuel Ram\u00edrez Moreno, estudiantes del Plantel 02 \u00c1ngel Albino Corzo, quienes obtuvieron el primer y tercer lugar nacional en el concurso de fotograf\u00eda \u201cLa Juventud y la Mar\u201d, organizado por la Secretar\u00eda de Marina-Armada de M\u00e9xico en el que participaron j\u00f3venes de todo el pa\u00eds<\/p>\n<p>&nbsp;<\/p>\n<p>Al respecto, el director general del Cecytech, Luis Guadalupe Morales \u00c1ngeles, les expres\u00f3 sus felicitaciones por demostrar talento, sensibilidad art\u00edstica y compromiso social a trav\u00e9s de sus trabajos fotogr\u00e1ficos, los cuales destacaron entre las mejores propuestas presentadas a nivel nacional.<\/p>\n<p>&nbsp;<\/p>\n<p>Destac\u00f3 que este triunfo representa un logro institucional que reafirma el compromiso del Cecytech con la formaci\u00f3n integral de las y los estudiantes, impulsando no solo el desarrollo acad\u00e9mico y tecnol\u00f3gico, sino tambi\u00e9n el pensamiento creativo y la expresi\u00f3n visual.<\/p>\n<p>&nbsp;<\/p>\n<p>Reconoci\u00f3 la labor de las y los docentes, as\u00ed como el acompa\u00f1amiento de madres y padres de familia, quienes contribuyen con su apoyo y dedicaci\u00f3n al fortalecimiento del talento juvenil y al impulso de actividades que enriquecen la trayectoria educativa del estudiantado.<\/p>\n<p>&nbsp;<\/p>\n<p>Keyi Santizo Ram\u00edrez y Sergio Emmanuel Ram\u00edrez Moreno tendr\u00e1n la oportunidad de recibir el reconocimiento oficial de la Secretar\u00eda de Marina-Armada de M\u00e9xico, adem\u00e1s de acceder a experiencias formativas vinculadas con la cultura mar\u00edtima, lo que representa un incentivo para continuar desarrollando sus habilidades art\u00edsticas y fortalecer su vocaci\u00f3n.<\/p>\n<p>&nbsp;<\/p>\n<p>Cabe precisar que el concurso tuvo como finalidad fomentar en la sociedad el inter\u00e9s por la cultura naval, las tradiciones marineras y el cuidado del medio ambiente, premiando a los tres primeros lugares por cada estado participante, y motivando a la juventud a expresar a trav\u00e9s de la fotograf\u00eda, la importancia del mar y sus diversas manifestaciones ecol\u00f3gicas y sociales.<\/p>\n","protected":false},"excerpt":{"rendered":"<p>&nbsp; &nbsp; J\u00f3venes del Plantel 02 \u00c1ngel Albino Corzo obtuvieron los primeros lugares en el&#8230;<\/p>\n","protected":false},"author":2,"featured_media":33675,"comment_status":"closed","ping_status":"closed","sticky":false,"template":"","format":"standard","meta":{"_joinchat":[],"footnotes":""},"categories":[1],"tags":[],"class_list":["post-33674","post","type-post","status-publish","format-standard","has-post-thumbnail","hentry","category-boletin"],"_links":{"self":[{"href":"https:\/\/icoinformativo.mx\/home\/index.php?rest_route=\/wp\/v2\/posts\/33674","targetHints":{"allow":["GET"]}}],"collection":[{"href":"https:\/\/icoinformativo.mx\/home\/index.php?rest_route=\/wp\/v2\/posts"}],"about":[{"href":"https:\/\/icoinformativo.mx\/home\/index.php?rest_route=\/wp\/v2\/types\/post"}],"author":[{"embeddable":true,"href":"https:\/\/icoinformativo.mx\/home\/index.php?rest_route=\/wp\/v2\/users\/2"}],"replies":[{"embeddable":true,"href":"https:\/\/icoinformativo.mx\/home\/index.php?rest_route=%2Fwp%2Fv2%2Fcomments&post=33674"}],"version-history":[{"count":1,"href":"https:\/\/icoinformativo.mx\/home\/index.php?rest_route=\/wp\/v2\/posts\/33674\/revisions"}],"predecessor-version":[{"id":33676,"href":"https:\/\/icoinformativo.mx\/home\/index.php?rest_route=\/wp\/v2\/posts\/33674\/revisions\/33676"}],"wp:featuredmedia":[{"embeddable":true,"href":"https:\/\/icoinformativo.mx\/home\/index.php?rest_route=\/wp\/v2\/media\/33675"}],"wp:attachment":[{"href":"https:\/\/icoinformativo.mx\/home\/index.php?rest_route=%2Fwp%2Fv2%2Fmedia&parent=33674"}],"wp:term":[{"taxonomy":"category","embeddable":true,"href":"https:\/\/icoinformativo.mx\/home\/index.php?rest_route=%2Fwp%2Fv2%2Fcategories&post=33674"},{"taxonomy":"post_tag","embeddable":true,"href":"https:\/\/icoinformativo.mx\/home\/index.php?rest_route=%2Fwp%2Fv2%2Ftags&post=33674"}],"curies":[{"name":"wp","href":"https:\/\/api.w.org\/{rel}","templated":true}]}}