{"id":33671,"date":"2025-11-27T03:42:33","date_gmt":"2025-11-27T03:42:33","guid":{"rendered":"https:\/\/icoinformativo.mx\/home\/?p=33671"},"modified":"2025-11-27T03:42:33","modified_gmt":"2025-11-27T03:42:33","slug":"guardianas-del-saber-la-fuerza-femenina-que-renueva-la-esperanza-educativa","status":"publish","type":"post","link":"https:\/\/icoinformativo.mx\/home\/?p=33671","title":{"rendered":"Guardianas del saber: la fuerza femenina que renueva la esperanza educativa"},"content":{"rendered":"<p>&nbsp;<\/p>\n<p>&nbsp;<\/p>\n<p>Realizan el foro \u201cLas mujeres ind\u00edgenas en la educaci\u00f3n\u201d, un espacio de reflexi\u00f3n impulsado por la Secretar\u00eda de Educaci\u00f3n<\/p>\n<p>&nbsp;<\/p>\n<p>\u201cHoy colocamos en el centro a las mujeres ind\u00edgenas dentro del \u00e1mbito educativo. La apuesta sigue siendo educar para transformar y construir un cambio permanente. Desde el Jam Ach\u2019ulel debemos reconocer lo que no siempre se ve, pero que sostiene nuestras comunidades\u201d, expres\u00f3 el secretario de Educaci\u00f3n, Roger Mandujano Ayala, durante el foro \u201cLas mujeres ind\u00edgenas en la educaci\u00f3n\u201d.<\/p>\n<p>&nbsp;<\/p>\n<p>En el marco del D\u00eda Internacional de la Eliminaci\u00f3n de la Violencia contra la Mujer, este encuentro se realiz\u00f3 como un espacio de reflexi\u00f3n impulsado por la Secretar\u00eda de Educaci\u00f3n, encabezada por Mandujano Ayala, bajo la visi\u00f3n humanista del gobernador Eduardo Ram\u00edrez Aguilar, quien ha enfatizado la importancia de construir una educaci\u00f3n con justicia, dignidad y enfoque comunitario.<\/p>\n<p>&nbsp;<\/p>\n<p>La titular de la Secretar\u00eda de la Mujer e Igualdad de G\u00e9nero (Semuigen), Marian V\u00e1zquez Gonz\u00e1lez, reconoci\u00f3 el compromiso de docentes y directoras presentes, destacando que su labor es clave para que las futuras generaciones crezcan libres de miedo y ejerzan plenamente sus derechos.<\/p>\n<p>&nbsp;<\/p>\n<p>Durante el encuentro, Yuy\u00e9 Hern\u00e1ndez, activista y artista visual oaxaque\u00f1a, subray\u00f3 que la educaci\u00f3n es fundamental para que ni\u00f1as, adolescentes y mujeres conozcan y defiendan sus derechos. Invit\u00f3 adem\u00e1s a fortalecer la confianza entre madres, padres e instituciones para dialogar sobre temas que hist\u00f3ricamente han sido tab\u00fa, pero que resultan esenciales para la protecci\u00f3n y el bienestar.<\/p>\n<p>&nbsp;<\/p>\n<p>Por su parte, Erika Sara\u00ed V\u00e1zquez G\u00f3mez, docente ch\u2019ol de preescolar, se\u00f1al\u00f3 que el aula es un espacio privilegiado para promover el cuidado y el autocuidado. Adem\u00e1s, enfatiz\u00f3 la necesidad de que los protocolos de protecci\u00f3n lleguen a todas las comunidades, especialmente las m\u00e1s apartadas.<\/p>\n<p>&nbsp;<\/p>\n<p>Magnolia Bolom P\u00e9rez, maestra tsotsil de primaria, convoc\u00f3 a que los corazones florezcan hacia una colectividad basada en el di\u00e1logo, reafirmando que la violencia, incluida la sexual, puede disminuirse de manera significativa cuando la educaci\u00f3n rompe el silencio y genera redes de acompa\u00f1amiento. \u201cHay ni\u00f1as y mujeres cuya trayectoria escolar se interrumpe; la justicia social e inclusiva debe el camino para reparar ese dolor y acompa\u00f1arlas en su regreso\u201d, a\u00f1adi\u00f3.<\/p>\n<p>&nbsp;<\/p>\n<p>Por su parte, la activista Aimara Eulogia Tapia, referente en la defensa de los derechos de las mujeres ind\u00edgenas en Sudam\u00e9rica, destac\u00f3 la relevancia de estos espacios para generar nuevas ideas pedag\u00f3gicas, especialmente en temas como la educaci\u00f3n sexual integral. \u201cLa comunidad educativa debe estar informada. Debemos apostar por la prevenci\u00f3n para evitar que los delitos sucedan. La prevenci\u00f3n se construye, y hoy damos un paso firme\u201d, expres\u00f3.<\/p>\n<p>&nbsp;<\/p>\n<p>La mesa redonda, moderada por Mandujano Ayala, se desarroll\u00f3 como un di\u00e1logo vivo entre comunidad, identidad y resistencia. Desde sus territorios y experiencias, las participantes resaltaron la importancia de preservar las lenguas originarias, defender los saberes ancestrales y abrir rutas educativas donde antes hab\u00eda silencio o barreras.<\/p>\n<p>&nbsp;<\/p>\n<p>Finalmente, el titular del sector educativo en Chiapas invit\u00f3 a seguir sembrando conciencia este 2025 en el marco del A\u00f1o de la Mujer Ind\u00edgena: \u201cVamos a asumir este reto con decisi\u00f3n, a impulsar la capacitaci\u00f3n y acompa\u00f1ar esta transici\u00f3n. \u00a1No se detengan! Nosotros seguiremos generando las condiciones para que ustedes ejerzan su libertad plenamente\u201d.<\/p>\n","protected":false},"excerpt":{"rendered":"<p>&nbsp; &nbsp; Realizan el foro \u201cLas mujeres ind\u00edgenas en la educaci\u00f3n\u201d, un espacio de reflexi\u00f3n&#8230;<\/p>\n","protected":false},"author":2,"featured_media":33672,"comment_status":"closed","ping_status":"closed","sticky":false,"template":"","format":"standard","meta":{"_joinchat":[],"footnotes":""},"categories":[1],"tags":[],"class_list":["post-33671","post","type-post","status-publish","format-standard","has-post-thumbnail","hentry","category-boletin"],"_links":{"self":[{"href":"https:\/\/icoinformativo.mx\/home\/index.php?rest_route=\/wp\/v2\/posts\/33671","targetHints":{"allow":["GET"]}}],"collection":[{"href":"https:\/\/icoinformativo.mx\/home\/index.php?rest_route=\/wp\/v2\/posts"}],"about":[{"href":"https:\/\/icoinformativo.mx\/home\/index.php?rest_route=\/wp\/v2\/types\/post"}],"author":[{"embeddable":true,"href":"https:\/\/icoinformativo.mx\/home\/index.php?rest_route=\/wp\/v2\/users\/2"}],"replies":[{"embeddable":true,"href":"https:\/\/icoinformativo.mx\/home\/index.php?rest_route=%2Fwp%2Fv2%2Fcomments&post=33671"}],"version-history":[{"count":1,"href":"https:\/\/icoinformativo.mx\/home\/index.php?rest_route=\/wp\/v2\/posts\/33671\/revisions"}],"predecessor-version":[{"id":33673,"href":"https:\/\/icoinformativo.mx\/home\/index.php?rest_route=\/wp\/v2\/posts\/33671\/revisions\/33673"}],"wp:featuredmedia":[{"embeddable":true,"href":"https:\/\/icoinformativo.mx\/home\/index.php?rest_route=\/wp\/v2\/media\/33672"}],"wp:attachment":[{"href":"https:\/\/icoinformativo.mx\/home\/index.php?rest_route=%2Fwp%2Fv2%2Fmedia&parent=33671"}],"wp:term":[{"taxonomy":"category","embeddable":true,"href":"https:\/\/icoinformativo.mx\/home\/index.php?rest_route=%2Fwp%2Fv2%2Fcategories&post=33671"},{"taxonomy":"post_tag","embeddable":true,"href":"https:\/\/icoinformativo.mx\/home\/index.php?rest_route=%2Fwp%2Fv2%2Ftags&post=33671"}],"curies":[{"name":"wp","href":"https:\/\/api.w.org\/{rel}","templated":true}]}}