{"id":33665,"date":"2025-11-27T03:36:11","date_gmt":"2025-11-27T03:36:11","guid":{"rendered":"https:\/\/icoinformativo.mx\/home\/?p=33665"},"modified":"2025-11-27T03:36:11","modified_gmt":"2025-11-27T03:36:11","slug":"chiapas-se-fortalece-como-destino-de-surf-internacional","status":"publish","type":"post","link":"https:\/\/icoinformativo.mx\/home\/?p=33665","title":{"rendered":"Chiapas se fortalece como destino de surf internacional"},"content":{"rendered":"<p>&nbsp;<\/p>\n<p>&nbsp;<\/p>\n<p>La Competencia Internacional de Surf Chiapas 2025 se llevar\u00e1 a cabo del 18 al 21 de diciembre en El Zapotal, Pijijiapan<\/p>\n<p>&nbsp;<\/p>\n<p>Tuxtla Guti\u00e9rrez.- La Secretar\u00eda de Turismo de Chiapas (Sectur) anunci\u00f3 la realizaci\u00f3n de la Competencia Internacional de Surf Chiapas 2025, que se llevar\u00e1 a cabo del 18 al 21 de diciembre en la comunidad costera de El Zapotal, en Pijijiapan.<\/p>\n<p>&nbsp;<\/p>\n<p>Durante la conferencia con medios de comunicaci\u00f3n, la secretaria de Turismo, Mar\u00eda Eugenia Culebro P\u00e9rez, destac\u00f3 que Chiapas vuelve a posicionarse en el turismo deportivo internacional, gracias a las condiciones de seguridad impulsadas por el gobernador Eduardo Ram\u00edrez Aguilar.<\/p>\n<p>&nbsp;<\/p>\n<p>El coordinador general ejecutivo, Segundo Guill\u00e9n Gordillo, explic\u00f3 que El Zapotal se distingue por su oleaje constante y condiciones \u00fanicas que lo colocan como un escenario privilegiado para surfistas de todo el mundo, lo que consolidar\u00e1 a\u00fan m\u00e1s la presencia de Chiapas en el mapa global.<\/p>\n<p>&nbsp;<\/p>\n<p>En su intervenci\u00f3n, el presidente municipal de Pijijiapan, Carlos Alberto Albores Lima, destac\u00f3 que este torneo contribuye al impulso del municipio como un destino de naturaleza y deporte. A\u00f1adi\u00f3 que el evento generar\u00e1 un impacto econ\u00f3mico positivo y permitir\u00e1 continuar fortaleciendo su infraestructura tur\u00edstica.<\/p>\n<p>&nbsp;<\/p>\n<p>En la conferencia de prensa se cont\u00f3 con la presencia de la presidenta de la Comisi\u00f3n de Turismo del Congreso del Estado, diputada Erika Paola Mendoza Salda\u00f1a, y el subsecretario de Promoci\u00f3n Tur\u00edstica, Francisco Javier Dom\u00ednguez Andrade.<\/p>\n<p>&nbsp;<\/p>\n<p>Cabe destacar que con este evento deportivo la Secretar\u00eda de Turismo reafirma su compromiso por seguir impulsando el turismo deportivo, la promoci\u00f3n de sus destinos y el crecimiento sostenible de sus costas.<\/p>\n","protected":false},"excerpt":{"rendered":"<p>&nbsp; &nbsp; La Competencia Internacional de Surf Chiapas 2025 se llevar\u00e1 a cabo del 18&#8230;<\/p>\n","protected":false},"author":2,"featured_media":33666,"comment_status":"closed","ping_status":"closed","sticky":false,"template":"","format":"standard","meta":{"_joinchat":[],"footnotes":""},"categories":[1],"tags":[],"class_list":["post-33665","post","type-post","status-publish","format-standard","has-post-thumbnail","hentry","category-boletin"],"_links":{"self":[{"href":"https:\/\/icoinformativo.mx\/home\/index.php?rest_route=\/wp\/v2\/posts\/33665","targetHints":{"allow":["GET"]}}],"collection":[{"href":"https:\/\/icoinformativo.mx\/home\/index.php?rest_route=\/wp\/v2\/posts"}],"about":[{"href":"https:\/\/icoinformativo.mx\/home\/index.php?rest_route=\/wp\/v2\/types\/post"}],"author":[{"embeddable":true,"href":"https:\/\/icoinformativo.mx\/home\/index.php?rest_route=\/wp\/v2\/users\/2"}],"replies":[{"embeddable":true,"href":"https:\/\/icoinformativo.mx\/home\/index.php?rest_route=%2Fwp%2Fv2%2Fcomments&post=33665"}],"version-history":[{"count":1,"href":"https:\/\/icoinformativo.mx\/home\/index.php?rest_route=\/wp\/v2\/posts\/33665\/revisions"}],"predecessor-version":[{"id":33667,"href":"https:\/\/icoinformativo.mx\/home\/index.php?rest_route=\/wp\/v2\/posts\/33665\/revisions\/33667"}],"wp:featuredmedia":[{"embeddable":true,"href":"https:\/\/icoinformativo.mx\/home\/index.php?rest_route=\/wp\/v2\/media\/33666"}],"wp:attachment":[{"href":"https:\/\/icoinformativo.mx\/home\/index.php?rest_route=%2Fwp%2Fv2%2Fmedia&parent=33665"}],"wp:term":[{"taxonomy":"category","embeddable":true,"href":"https:\/\/icoinformativo.mx\/home\/index.php?rest_route=%2Fwp%2Fv2%2Fcategories&post=33665"},{"taxonomy":"post_tag","embeddable":true,"href":"https:\/\/icoinformativo.mx\/home\/index.php?rest_route=%2Fwp%2Fv2%2Ftags&post=33665"}],"curies":[{"name":"wp","href":"https:\/\/api.w.org\/{rel}","templated":true}]}}