{"id":33656,"date":"2025-11-25T02:49:08","date_gmt":"2025-11-25T02:49:08","guid":{"rendered":"https:\/\/icoinformativo.mx\/home\/?p=33656"},"modified":"2025-11-25T02:49:08","modified_gmt":"2025-11-25T02:49:08","slug":"iap-chiapas-impulsa-la-profesionalizacion-de-gobiernos-municipales-con-capacitacion-en-planeacion-estrategica-y-auditoria-gubernamental","status":"publish","type":"post","link":"https:\/\/icoinformativo.mx\/home\/?p=33656","title":{"rendered":"IAP Chiapas impulsa la profesionalizaci\u00f3n de gobiernos municipales con capacitaci\u00f3n en Planeaci\u00f3n Estrat\u00e9gica y Auditor\u00eda Gubernamental"},"content":{"rendered":"<p>&nbsp;<\/p>\n<p>&nbsp;<\/p>\n<p>Encabez\u00f3 la capacitaci\u00f3n Lysette Raquel Lameiro Camacho, presidenta del Consejo Directivo del Instituto de Administraci\u00f3n P\u00fablica del Estado de Chiapas, acompa\u00f1ada de personal directivo de este instituto y los instructores especializados<\/p>\n<p>&nbsp;<\/p>\n<p>Los cursos se desarrollaron en modalidad virtual los d\u00edas 20 y 21 de noviembre del presente a\u00f1o, en las instalaciones del Instituto<\/p>\n<p>&nbsp;<\/p>\n<p>Tuxtla Guti\u00e9rrez, Chiapas; 24 de noviembre de 2025.- El Instituto de Administraci\u00f3n P\u00fablica del Estado de Chiapas (IAP Chiapas) reafirm\u00f3 su compromiso con la profesionalizaci\u00f3n de los gobiernos municipales mediante la oferta de cursos de capacitaci\u00f3n en el marco del Programa de Desarrollo Institucional Municipal (Prodim 2025). Los temas abordados en esta capacitaci\u00f3n fueron: Planeaci\u00f3n Estrat\u00e9gica y Auditor\u00eda Gubernamental.<\/p>\n<p>&nbsp;<\/p>\n<p>La inauguraci\u00f3n del curso estuvo a cargo de Lysette Raquel Lameiro Camacho, presidenta del Consejo Directivo del IAP Chiapas, quien estuvo acompa\u00f1ada por el equipo directivo del Instituto y el docente encargado de impartir el curso. Durante su intervenci\u00f3n, la presidenta del IAP Chiapas destac\u00f3 la importancia de estas capacitaciones para fortalecer la gesti\u00f3n p\u00fablica municipal.<\/p>\n<p>&nbsp;<\/p>\n<p>En relaci\u00f3n con el curso de Planeaci\u00f3n Estrat\u00e9gica, Lameiro Camacho resalt\u00f3 que su objetivo es dotar a los participantes de las herramientas necesarias para comprender la planeaci\u00f3n estrat\u00e9gica como un elemento importante en el proceso administrativo, permiti\u00e9ndoles desarrollar planes de trabajo orientados a mejorar el desempe\u00f1o institucional y la toma de decisiones.<\/p>\n<p>&nbsp;<\/p>\n<p>\u00abEspero que este curso sea el inicio de un proceso de aprendizaje significativo que se traduzca en acciones que fortalezcan a sus municipios y beneficien a sus comunidades\u00bb, expres\u00f3.<\/p>\n<p>&nbsp;<\/p>\n<p>Lameiro Camacho tambi\u00e9n extendi\u00f3 un agradecimiento a los ayuntamientos por su disposici\u00f3n al aprendizaje continuo, el cual es fundamental para construir instituciones m\u00e1s eficientes, transparentes y enfocadas en resultados. \u00abSu presencia en este curso refleja el compromiso de cada uno de ustedes con el servicio a la ciudadan\u00eda\u00bb, a\u00f1adi\u00f3.<\/p>\n<p>&nbsp;<\/p>\n<p>Posteriormente, se llev\u00f3 a cabo el curso de Auditor\u00eda Gubernamental, cuyo objetivo fue proporcionar a los participantes el conocimiento del marco jur\u00eddico, las normas y principios aplicables, as\u00ed como los principales procesos de auditor\u00eda que rigen la fiscalizaci\u00f3n en la administraci\u00f3n p\u00fablica municipal. Adem\u00e1s, se abordaron los plazos de confronta y respuesta para la atenci\u00f3n de observaciones derivadas de auditor\u00edas.<\/p>\n<p>&nbsp;<\/p>\n<p>Estas capacitaciones forman parte del Programa Cero Observaciones del IAP Chiapas, que se encuentra alineado con las pol\u00edticas p\u00fablicas de la Nueva ERA, impulsada por el Gobierno del Estado de Chiapas, encabezado por Eduardo Ram\u00edrez Aguilar.<\/p>\n<p>&nbsp;<\/p>\n<p>Con estas acciones, el IAP Chiapas contin\u00faa promoviendo el fortalecimiento institucional y la mejora en la gesti\u00f3n p\u00fablica de los gobiernos municipales del estado.<\/p>\n","protected":false},"excerpt":{"rendered":"<p>&nbsp; &nbsp; Encabez\u00f3 la capacitaci\u00f3n Lysette Raquel Lameiro Camacho, presidenta del Consejo Directivo del Instituto&#8230;<\/p>\n","protected":false},"author":2,"featured_media":33657,"comment_status":"closed","ping_status":"closed","sticky":false,"template":"","format":"standard","meta":{"_joinchat":[],"footnotes":""},"categories":[1],"tags":[],"class_list":["post-33656","post","type-post","status-publish","format-standard","has-post-thumbnail","hentry","category-boletin"],"_links":{"self":[{"href":"https:\/\/icoinformativo.mx\/home\/index.php?rest_route=\/wp\/v2\/posts\/33656","targetHints":{"allow":["GET"]}}],"collection":[{"href":"https:\/\/icoinformativo.mx\/home\/index.php?rest_route=\/wp\/v2\/posts"}],"about":[{"href":"https:\/\/icoinformativo.mx\/home\/index.php?rest_route=\/wp\/v2\/types\/post"}],"author":[{"embeddable":true,"href":"https:\/\/icoinformativo.mx\/home\/index.php?rest_route=\/wp\/v2\/users\/2"}],"replies":[{"embeddable":true,"href":"https:\/\/icoinformativo.mx\/home\/index.php?rest_route=%2Fwp%2Fv2%2Fcomments&post=33656"}],"version-history":[{"count":1,"href":"https:\/\/icoinformativo.mx\/home\/index.php?rest_route=\/wp\/v2\/posts\/33656\/revisions"}],"predecessor-version":[{"id":33658,"href":"https:\/\/icoinformativo.mx\/home\/index.php?rest_route=\/wp\/v2\/posts\/33656\/revisions\/33658"}],"wp:featuredmedia":[{"embeddable":true,"href":"https:\/\/icoinformativo.mx\/home\/index.php?rest_route=\/wp\/v2\/media\/33657"}],"wp:attachment":[{"href":"https:\/\/icoinformativo.mx\/home\/index.php?rest_route=%2Fwp%2Fv2%2Fmedia&parent=33656"}],"wp:term":[{"taxonomy":"category","embeddable":true,"href":"https:\/\/icoinformativo.mx\/home\/index.php?rest_route=%2Fwp%2Fv2%2Fcategories&post=33656"},{"taxonomy":"post_tag","embeddable":true,"href":"https:\/\/icoinformativo.mx\/home\/index.php?rest_route=%2Fwp%2Fv2%2Ftags&post=33656"}],"curies":[{"name":"wp","href":"https:\/\/api.w.org\/{rel}","templated":true}]}}