{"id":33653,"date":"2025-11-25T02:44:41","date_gmt":"2025-11-25T02:44:41","guid":{"rendered":"https:\/\/icoinformativo.mx\/home\/?p=33653"},"modified":"2025-11-25T02:44:41","modified_gmt":"2025-11-25T02:44:41","slug":"icheja-impulsa-acciones-de-inclusion-educativa-para-personas-haitianas-en-palenque","status":"publish","type":"post","link":"https:\/\/icoinformativo.mx\/home\/?p=33653","title":{"rendered":"Icheja impulsa acciones de inclusi\u00f3n educativa para personas haitianas en Palenque"},"content":{"rendered":"<p>&nbsp;<\/p>\n<p>Palenque, Chiapas.- En un esfuerzo trascendental por fortalecer la inclusi\u00f3n educativa, el Instituto Chiapaneco de Educaci\u00f3n para J\u00f3venes y Adultos (Icheja), encabezado por su director general, Sergio David Molina G\u00f3mez, llev\u00f3 a cabo pl\u00e1ticas informativas dirigidas a 224 personas haitianas los d\u00edas 13 y 14 de noviembre en las oficinas de Comisi\u00f3n Mexicana de Ayuda a Refugiados (Comar), en el municipio de Palenque, como parte del programa Educaci\u00f3n Sin Fronteras.<\/p>\n<p>&nbsp;<\/p>\n<p>El encuentro realizado a trav\u00e9s de la Coordinaci\u00f3n de Zona 0713 Palenque, en la plaza comunitaria de Palenque Sur, cont\u00f3 con el apoyo de un traductor de kreyol a espa\u00f1ol, lo que permiti\u00f3 garantizar una comunicaci\u00f3n accesible y efectiva. Este acompa\u00f1amiento asegur\u00f3 que todas y todos recibieran informaci\u00f3n clara sobre las oportunidades para iniciar o continuar sus estudios en M\u00e9xico, promoviendo un trato digno y cercano.<\/p>\n<p>&nbsp;<\/p>\n<p>Cabe destacar que gracias a estas acciones un total de 76 personas se inscribieron para comenzar sus procesos educativos. Asimismo, 98 personas ya cuentan con pasaporte y est\u00e1n en espera de la emisi\u00f3n de su CURP para integrarse formalmente.<\/p>\n<p>&nbsp;<\/p>\n<p>Estos resultados demuestran que la educaci\u00f3n es una herramienta poderosa para continuar abriendo puertas, derribar barreras culturales y fortalecer la integraci\u00f3n de las comunidades migrantes en Chiapas.<\/p>\n<p>&nbsp;<\/p>\n<p>Finalmente, se inform\u00f3 que las evaluaciones en l\u00ednea para quienes inician su proceso formativo se llevaron a cabo del 21 al 23 de noviembre, en un horario de 08:00 a 19:00 horas.<\/p>\n<p>&nbsp;<\/p>\n<p>Con estas acciones, el Icheja reafirma su compromiso con una educaci\u00f3n que incluye, transforma y llega a todas las personas sin distinci\u00f3n.<\/p>\n","protected":false},"excerpt":{"rendered":"<p>&nbsp; Palenque, Chiapas.- En un esfuerzo trascendental por fortalecer la inclusi\u00f3n educativa, el Instituto Chiapaneco&#8230;<\/p>\n","protected":false},"author":2,"featured_media":33654,"comment_status":"closed","ping_status":"closed","sticky":false,"template":"","format":"standard","meta":{"_joinchat":[],"footnotes":""},"categories":[1],"tags":[],"class_list":["post-33653","post","type-post","status-publish","format-standard","has-post-thumbnail","hentry","category-boletin"],"_links":{"self":[{"href":"https:\/\/icoinformativo.mx\/home\/index.php?rest_route=\/wp\/v2\/posts\/33653","targetHints":{"allow":["GET"]}}],"collection":[{"href":"https:\/\/icoinformativo.mx\/home\/index.php?rest_route=\/wp\/v2\/posts"}],"about":[{"href":"https:\/\/icoinformativo.mx\/home\/index.php?rest_route=\/wp\/v2\/types\/post"}],"author":[{"embeddable":true,"href":"https:\/\/icoinformativo.mx\/home\/index.php?rest_route=\/wp\/v2\/users\/2"}],"replies":[{"embeddable":true,"href":"https:\/\/icoinformativo.mx\/home\/index.php?rest_route=%2Fwp%2Fv2%2Fcomments&post=33653"}],"version-history":[{"count":1,"href":"https:\/\/icoinformativo.mx\/home\/index.php?rest_route=\/wp\/v2\/posts\/33653\/revisions"}],"predecessor-version":[{"id":33655,"href":"https:\/\/icoinformativo.mx\/home\/index.php?rest_route=\/wp\/v2\/posts\/33653\/revisions\/33655"}],"wp:featuredmedia":[{"embeddable":true,"href":"https:\/\/icoinformativo.mx\/home\/index.php?rest_route=\/wp\/v2\/media\/33654"}],"wp:attachment":[{"href":"https:\/\/icoinformativo.mx\/home\/index.php?rest_route=%2Fwp%2Fv2%2Fmedia&parent=33653"}],"wp:term":[{"taxonomy":"category","embeddable":true,"href":"https:\/\/icoinformativo.mx\/home\/index.php?rest_route=%2Fwp%2Fv2%2Fcategories&post=33653"},{"taxonomy":"post_tag","embeddable":true,"href":"https:\/\/icoinformativo.mx\/home\/index.php?rest_route=%2Fwp%2Fv2%2Ftags&post=33653"}],"curies":[{"name":"wp","href":"https:\/\/api.w.org\/{rel}","templated":true}]}}