{"id":33646,"date":"2025-11-23T03:31:04","date_gmt":"2025-11-23T03:31:04","guid":{"rendered":"https:\/\/icoinformativo.mx\/home\/?p=33646"},"modified":"2025-11-23T03:31:04","modified_gmt":"2025-11-23T03:31:04","slug":"con-entrega-de-camion-eduardo-ramirez-respalda-labor-solidaria-del-banco-de-alimentos-de-mexico","status":"publish","type":"post","link":"https:\/\/icoinformativo.mx\/home\/?p=33646","title":{"rendered":"Con entrega de cami\u00f3n, Eduardo Ram\u00edrez respalda labor solidaria del Banco de Alimentos de M\u00e9xico"},"content":{"rendered":"<p>&nbsp;<\/p>\n<p>&nbsp;<\/p>\n<p>&nbsp;<\/p>\n<p>\u00b7 Reconoci\u00f3 el trabajo que realiza esta asociaci\u00f3n a favor de la poblaci\u00f3n que m\u00e1s lo necesita en Tuxtla Guti\u00e9rrez<\/p>\n<p>&nbsp;<\/p>\n<p>&nbsp;<\/p>\n<p>&nbsp;<\/p>\n<p>El gobernador Eduardo Ram\u00edrez Aguilar encabez\u00f3 el acto de donaci\u00f3n de un veh\u00edculo de carga al Banco de Alimentos de M\u00e9xico A.C. (BAMX) en Tuxtla Guti\u00e9rrez, donde reafirm\u00f3 su respaldo a los organismos y asociaciones civiles que trabajan con amor y humanismo para apoyar a la poblaci\u00f3n, especialmente a quienes se encuentran en situaci\u00f3n de mayor vulnerabilidad.<\/p>\n<p>&nbsp;<\/p>\n<p>&nbsp;<\/p>\n<p>&nbsp;<\/p>\n<p>\u201cTengan la confianza de que voy a ser un aliado permanente del Banco de Alimentos. Hoy estamos entregando este cami\u00f3n, pero seguiremos impulsando acciones conjuntas que fortalezcan la labor de ayudar a la gente que m\u00e1s lo necesita. Mientras yo sea gobernador cuentan con mi apoyo\u201d, sostuvo.<\/p>\n<p>&nbsp;<\/p>\n<p>&nbsp;<\/p>\n<p>&nbsp;<\/p>\n<p>Ram\u00edrez Aguilar manifest\u00f3 su reconocimiento y gratitud al personal del BAMX Tuxtla por el trabajo sensible, genuino y sin protagonismos que realizan en favor de la comunidad. En este sentido, subray\u00f3 la importancia de mantener el esp\u00edritu de solidaridad y apoyarse mutuamente.<\/p>\n<p>&nbsp;<\/p>\n<p>&nbsp;<\/p>\n<p>&nbsp;<\/p>\n<p>El secretario del Humanismo, Francisco Chac\u00f3n S\u00e1nchez, resalt\u00f3 el esfuerzo constante del organismo por llevar beneficios a las familias, tarea que coincide plenamente con la visi\u00f3n humanista de la Nueva ERA en Chiapas. Reiter\u00f3 el compromiso del gobierno estatal de fortalecer esta noble labor para continuar atendiendo a quienes m\u00e1s lo requieren.<\/p>\n<p>&nbsp;<\/p>\n<p>&nbsp;<\/p>\n<p>&nbsp;<\/p>\n<p>El presidente del Consejo del Banco de Alimentos de M\u00e9xico en Tuxtla Guti\u00e9rrez, Mauricio Romero de la Fuente, agradeci\u00f3 al gobierno de Eduardo Ram\u00edrez por su respaldo, materializado en la entrega de este cami\u00f3n de cinco toneladas, el cual permitir\u00e1 mejorar la movilidad de cerca de 500 toneladas de alimento al a\u00f1o en beneficio de 17 mil familias.<\/p>\n<p>&nbsp;<\/p>\n<p>&nbsp;<\/p>\n<p>&nbsp;<\/p>\n<p>El presidente municipal de Tuxtla Guti\u00e9rrez, Angel Torres Culebro, reconoci\u00f3 la generosidad y vocaci\u00f3n humanista que el gobernador imprime en cada una de sus acciones para impulsar el desarrollo de Chiapas, lo que, dijo, le ha valido no solo el reconocimiento de la Federaci\u00f3n, sino tambi\u00e9n el cari\u00f1o, la confianza y el respeto de las y los chiapanecos.<\/p>\n<p>&nbsp;<\/p>\n<p>&nbsp;<\/p>\n<p>&nbsp;<\/p>\n<p>A nombre de la poblaci\u00f3n beneficiada, Marisol Balc\u00e1zar L\u00f3pez agradeci\u00f3 al gobierno estatal por contribuir al trabajo del Banco de Alimentos de M\u00e9xico, instituci\u00f3n que, asegur\u00f3, se ha convertido en una esperanza para ella, pues debido a la enfermedad que padece, arteritis de Takayasu, y a que su hijo vive con discapacidad, la ayuda que recibe le ha permitido cubrir sus necesidades b\u00e1sicas.<\/p>\n","protected":false},"excerpt":{"rendered":"<p>&nbsp; &nbsp; &nbsp; \u00b7 Reconoci\u00f3 el trabajo que realiza esta asociaci\u00f3n a favor de la&#8230;<\/p>\n","protected":false},"author":2,"featured_media":33647,"comment_status":"closed","ping_status":"closed","sticky":false,"template":"","format":"standard","meta":{"_joinchat":[],"footnotes":""},"categories":[1],"tags":[],"class_list":["post-33646","post","type-post","status-publish","format-standard","has-post-thumbnail","hentry","category-boletin"],"_links":{"self":[{"href":"https:\/\/icoinformativo.mx\/home\/index.php?rest_route=\/wp\/v2\/posts\/33646","targetHints":{"allow":["GET"]}}],"collection":[{"href":"https:\/\/icoinformativo.mx\/home\/index.php?rest_route=\/wp\/v2\/posts"}],"about":[{"href":"https:\/\/icoinformativo.mx\/home\/index.php?rest_route=\/wp\/v2\/types\/post"}],"author":[{"embeddable":true,"href":"https:\/\/icoinformativo.mx\/home\/index.php?rest_route=\/wp\/v2\/users\/2"}],"replies":[{"embeddable":true,"href":"https:\/\/icoinformativo.mx\/home\/index.php?rest_route=%2Fwp%2Fv2%2Fcomments&post=33646"}],"version-history":[{"count":1,"href":"https:\/\/icoinformativo.mx\/home\/index.php?rest_route=\/wp\/v2\/posts\/33646\/revisions"}],"predecessor-version":[{"id":33648,"href":"https:\/\/icoinformativo.mx\/home\/index.php?rest_route=\/wp\/v2\/posts\/33646\/revisions\/33648"}],"wp:featuredmedia":[{"embeddable":true,"href":"https:\/\/icoinformativo.mx\/home\/index.php?rest_route=\/wp\/v2\/media\/33647"}],"wp:attachment":[{"href":"https:\/\/icoinformativo.mx\/home\/index.php?rest_route=%2Fwp%2Fv2%2Fmedia&parent=33646"}],"wp:term":[{"taxonomy":"category","embeddable":true,"href":"https:\/\/icoinformativo.mx\/home\/index.php?rest_route=%2Fwp%2Fv2%2Fcategories&post=33646"},{"taxonomy":"post_tag","embeddable":true,"href":"https:\/\/icoinformativo.mx\/home\/index.php?rest_route=%2Fwp%2Fv2%2Ftags&post=33646"}],"curies":[{"name":"wp","href":"https:\/\/api.w.org\/{rel}","templated":true}]}}