{"id":33643,"date":"2025-11-23T03:25:36","date_gmt":"2025-11-23T03:25:36","guid":{"rendered":"https:\/\/icoinformativo.mx\/home\/?p=33643"},"modified":"2025-11-23T03:25:36","modified_gmt":"2025-11-23T03:25:36","slug":"secretaria-de-la-frontera-sur-fortalece-la-proteccion-laboral-de-las-y-los-trabajadores-chiapanecos-en-canada","status":"publish","type":"post","link":"https:\/\/icoinformativo.mx\/home\/?p=33643","title":{"rendered":"Secretar\u00eda de la Frontera Sur fortalece la protecci\u00f3n laboral de las y los trabajadores chiapanecos en Canad\u00e1"},"content":{"rendered":"<p>&nbsp;<\/p>\n<p>Firm\u00f3 un convenio de colaboraci\u00f3n con United Food and Commercial Workers of Canada<\/p>\n<p>Tapachula, Chiapas; 22 de noviembre de 2025.- La Secretar\u00eda de la Frontera Sur firm\u00f3 un convenio de colaboraci\u00f3n con United Food and Commercial Workers of Canada (UFCW Canad\u00e1), con el prop\u00f3sito de fortalecer la protecci\u00f3n, acompa\u00f1amiento y defensa laboral de las y los trabajadores chiapanecos que participan en programas de empleo temporal en Canad\u00e1.<\/p>\n<p>Durante el acto protocolario la titular de la Secretar\u00eda de la Frontera Sur, Mar\u00eda Amalia Toriello Elorza, destac\u00f3 que este acuerdo consolida nuevas v\u00edas de cooperaci\u00f3n internacional que permitir\u00e1n garantizar el bienestar, la seguridad y el respeto a los derechos de las personas trabajadoras migrantes, mediante mecanismos m\u00e1s s\u00f3lidos de atenci\u00f3n y respuesta institucional.<\/p>\n<p>\u201cEste convenio es una muestra del compromiso que asumimos con la protecci\u00f3n de nuestra gente. Ensanchamos la frontera de solidaridad y acompa\u00f1amiento para que las y los trabajadores chiapanecos puedan desempe\u00f1ar su labor en el extranjero con dignidad, seguridad y pleno respeto a sus derechos\u201d, afirm\u00f3.<\/p>\n<p>La consolidaci\u00f3n de este instrumento fue apoyada por la Subsecretar\u00eda de Movilidad Humana, \u00e1rea que ha contribuido de manera decisiva a fortalecer la vinculaci\u00f3n operativa y el trabajo t\u00e9cnico con organismos internacionales, mediante la cual se han impulsado estrategias que permiten mejorar la orientaci\u00f3n, asistencia y seguimiento a las personas trabajadoras agr\u00edcolas temporales, en este caso a las personas que viajan a Canad\u00e1.<\/p>\n<p>En representaci\u00f3n de UFCW Canad\u00e1 participaron Pablo Godoy, director regional para la provincia de Ontario, y Octavio Nava Manrique, representante en M\u00e9xico de la Persona Moral UFCW. Ambos reconocieron la voluntad del Gobierno del Estado de Chiapas, encabezado por Eduardo Ram\u00edrez Aguilar, para establecer mecanismos formales que mejoren las condiciones laborales, la integraci\u00f3n y la defensa de los derechos de las y los trabajadores chiapanecos en Canad\u00e1.<\/p>\n<p>Adem\u00e1s, los representantes destacaron que este convenio permitir\u00e1 un intercambio m\u00e1s \u00e1gil de informaci\u00f3n y un trabajo coordinado que facilitar\u00e1 la atenci\u00f3n de casos, el acceso a apoyos y la construcci\u00f3n de rutas eficaces de protecci\u00f3n laboral y humana.<\/p>\n<p>Cabe destacar que con esta firma, la Secretar\u00eda de la Frontera Sur reafirma su compromiso con una movilidad humana m\u00e1s segura y ordenada, fortaleciendo la presencia institucional del Estado y respaldando a quienes representan el esfuerzo, la fuerza laboral y el orgullo de Chiapas en el exterior.<\/p>\n","protected":false},"excerpt":{"rendered":"<p>&nbsp; Firm\u00f3 un convenio de colaboraci\u00f3n con United Food and Commercial Workers of Canada Tapachula,&#8230;<\/p>\n","protected":false},"author":2,"featured_media":33644,"comment_status":"closed","ping_status":"closed","sticky":false,"template":"","format":"standard","meta":{"_joinchat":[],"footnotes":""},"categories":[1],"tags":[],"class_list":["post-33643","post","type-post","status-publish","format-standard","has-post-thumbnail","hentry","category-boletin"],"_links":{"self":[{"href":"https:\/\/icoinformativo.mx\/home\/index.php?rest_route=\/wp\/v2\/posts\/33643","targetHints":{"allow":["GET"]}}],"collection":[{"href":"https:\/\/icoinformativo.mx\/home\/index.php?rest_route=\/wp\/v2\/posts"}],"about":[{"href":"https:\/\/icoinformativo.mx\/home\/index.php?rest_route=\/wp\/v2\/types\/post"}],"author":[{"embeddable":true,"href":"https:\/\/icoinformativo.mx\/home\/index.php?rest_route=\/wp\/v2\/users\/2"}],"replies":[{"embeddable":true,"href":"https:\/\/icoinformativo.mx\/home\/index.php?rest_route=%2Fwp%2Fv2%2Fcomments&post=33643"}],"version-history":[{"count":1,"href":"https:\/\/icoinformativo.mx\/home\/index.php?rest_route=\/wp\/v2\/posts\/33643\/revisions"}],"predecessor-version":[{"id":33645,"href":"https:\/\/icoinformativo.mx\/home\/index.php?rest_route=\/wp\/v2\/posts\/33643\/revisions\/33645"}],"wp:featuredmedia":[{"embeddable":true,"href":"https:\/\/icoinformativo.mx\/home\/index.php?rest_route=\/wp\/v2\/media\/33644"}],"wp:attachment":[{"href":"https:\/\/icoinformativo.mx\/home\/index.php?rest_route=%2Fwp%2Fv2%2Fmedia&parent=33643"}],"wp:term":[{"taxonomy":"category","embeddable":true,"href":"https:\/\/icoinformativo.mx\/home\/index.php?rest_route=%2Fwp%2Fv2%2Fcategories&post=33643"},{"taxonomy":"post_tag","embeddable":true,"href":"https:\/\/icoinformativo.mx\/home\/index.php?rest_route=%2Fwp%2Fv2%2Ftags&post=33643"}],"curies":[{"name":"wp","href":"https:\/\/api.w.org\/{rel}","templated":true}]}}