{"id":33637,"date":"2025-11-22T01:41:40","date_gmt":"2025-11-22T01:41:40","guid":{"rendered":"https:\/\/icoinformativo.mx\/home\/?p=33637"},"modified":"2025-11-22T01:41:40","modified_gmt":"2025-11-22T01:41:40","slug":"claudia-sheinbaum-junto-a-eduardo-ramirez-inaugura-hospital-xiv-de-septiembre-del-imss","status":"publish","type":"post","link":"https:\/\/icoinformativo.mx\/home\/?p=33637","title":{"rendered":"Claudia Sheinbaum, junto a Eduardo Ram\u00edrez, inaugura Hospital \u201cXIV de septiembre\u201d del IMSS"},"content":{"rendered":"<p style=\"font-weight: 400;\">\n<p style=\"font-weight: 400;\">\n<p style=\"font-weight: 400;\">\n<ul>\n<li style=\"font-weight: 400;\">La presidenta de M\u00e9xico reconoci\u00f3 el trabajo del gobernador a favor de la paz y el bienestar en Chiapas<\/li>\n<li style=\"font-weight: 400;\">El mandatario estatal se\u00f1al\u00f3 que su administraci\u00f3n se gu\u00eda por el ejemplo de la presidenta, quien atiende al pueblo con gallard\u00eda, pulcritud y un firme compromiso<\/li>\n<\/ul>\n<p style=\"font-weight: 400;\">\n<p style=\"font-weight: 400;\">\n<p style=\"font-weight: 400;\">El gobernador Eduardo Ram\u00edrez Aguilar acompa\u00f1\u00f3 a la presidenta de la Rep\u00fablica, Claudia Sheinbaum Pardo, a la inauguraci\u00f3n del Hospital General Regional de Especialidades No. 13 \u201cXIV de septiembre\u201d del Instituto Mexicano del Seguro Social (IMSS) en Tuxtla Guti\u00e9rrez. Durante este acto, agradeci\u00f3 al Gobierno de M\u00e9xico por concretar esta magna obra que fortalecer\u00e1 de manera integral los servicios de salud en beneficio de las y los derechohabientes de Chiapas y del Sureste.<\/p>\n<p style=\"font-weight: 400;\">\n<p style=\"font-weight: 400;\">En su intervenci\u00f3n, la presidenta Claudia Sheinbaum Pardo expres\u00f3 su gratitud por la hospitalidad del pueblo chiapaneco y reconoci\u00f3 el trabajo que el gobernador Eduardo Ram\u00edrez realiza para afianzar la paz y el bienestar en el estado. Asimismo, celebr\u00f3 la apertura del nuevo hospital de especialidades y reconoci\u00f3 la entrega del personal del IMSS al servicio de la poblaci\u00f3n.<\/p>\n<p style=\"font-weight: 400;\">\n<p style=\"font-weight: 400;\">La mandataria reiter\u00f3 la visi\u00f3n de su administraci\u00f3n de lograr un sistema universal de salud en un m\u00e1ximo de dos a\u00f1os, y anunci\u00f3 que en enero de 2026 iniciar\u00e1 el proceso de credencializaci\u00f3n del Sistema Nacional de Salud P\u00fablica, lo que permitir\u00e1 brindar atenci\u00f3n en cualquier hospital p\u00fablico del pa\u00eds.<\/p>\n<p style=\"font-weight: 400;\">\n<p style=\"font-weight: 400;\">En este marco, la presidenta destac\u00f3 la consolidaci\u00f3n de los Polos del Bienestar en Chiapas, as\u00ed como los avances del Tren Interoce\u00e1nico, proyectos que generar\u00e1n m\u00e1s empleo y desarrollo con bienestar para la gente.<\/p>\n<p style=\"font-weight: 400;\">\n<p style=\"font-weight: 400;\">\u201cNuestra visi\u00f3n, la visi\u00f3n de la Cuarta Transformaci\u00f3n, es que no hay progreso sin justicia, que no hay desarrollo sin bienestar, que la prosperidad o es compartida o no es prosperidad para un pa\u00eds. Estos Polos del Bienestar se llaman as\u00ed porque buscan crear empleo bien remunerado y promover un crecimiento con inclusi\u00f3n\u201d, explic\u00f3.<\/p>\n<p style=\"font-weight: 400;\">\n<p style=\"font-weight: 400;\">Finalmente, convoc\u00f3 a las y los mexicanos a celebrar siete a\u00f1os de la Cuarta Transformaci\u00f3n en el Z\u00f3calo de la Ciudad de M\u00e9xico el pr\u00f3ximo 6 de diciembre.<\/p>\n<p style=\"font-weight: 400;\">\n<p style=\"font-weight: 400;\">Por su parte, el gobernador Eduardo Ram\u00edrez se\u00f1al\u00f3 que su administraci\u00f3n se gu\u00eda por el ejemplo de la presidenta Claudia Sheinbaum, quien atiende al pueblo con gallard\u00eda, pulcritud y un firme compromiso con todos los sectores de la sociedad. Destac\u00f3 su preocupaci\u00f3n por garantizar mejores condiciones para la ni\u00f1ez, apoyar a la juventud, cuidar de las personas adultas mayores y con discapacidad, as\u00ed como procurar el buen desempe\u00f1o de la econom\u00eda y otros \u00e1mbitos fundamentales.<\/p>\n<p style=\"font-weight: 400;\">\n<p style=\"font-weight: 400;\">\u201cHoy podemos ir a nuestras comunidades y decir que tenemos un gobierno que atiende a quienes m\u00e1s lo necesitan y que no hay privilegios. Esto es posible porque responde al esp\u00edritu de la Cuarta Transformaci\u00f3n y porque estamos construyendo un M\u00e9xico m\u00e1s justo. Nunca los vamos a traicionar. En Chiapas siempre caminaremos de la mano del pueblo y de la presidenta Claudia Sheinbaum\u201d, afirm\u00f3.<\/p>\n<p style=\"font-weight: 400;\">\n<p style=\"font-weight: 400;\">En este contexto, Ram\u00edrez Aguilar reconoci\u00f3 al director general del IMSS, Zo\u00e9 Robledo, por su dedicaci\u00f3n para consolidar este proyecto a favor de la salud, y expres\u00f3 su agradecimiento al secretario de Marina, Raymundo Pedro Morales \u00c1ngeles, por el respaldo que las Fuerzas Armadas han brindado para mantener un ambiente de paz y seguridad en Chiapas.<\/p>\n<p style=\"font-weight: 400;\">\n<p style=\"font-weight: 400;\">El secretario de Salud, David Kershenobich Stalnikowitz, subray\u00f3 que en M\u00e9xico la atenci\u00f3n m\u00e9dica se brinda con calidad, seguridad y eficiencia. Precis\u00f3 que este hospital eleva el est\u00e1ndar nacional al incorporar infraestructura y tecnolog\u00eda de vanguardia, lo que garantizar\u00e1 servicios dignos y oportunos para el pueblo de Chiapas. Adem\u00e1s, ser\u00e1 un espacio de formaci\u00f3n que fortalecer\u00e1 las buenas pr\u00e1cticas del personal m\u00e9dico y de trabajo social.<\/p>\n<p style=\"font-weight: 400;\">\n<p style=\"font-weight: 400;\">El director general del IMSS, Zo\u00e9 Robledo Aburto, detall\u00f3 que el hospital cuenta con 261 camas, seis quir\u00f3fanos, 12 cub\u00edculos de parto, 43 especialidades y equipo de alta tecnolog\u00eda, incluido el resonador m\u00e1s potente del estado, adem\u00e1s de una plantilla de mil 691 trabajadores. A\u00f1adi\u00f3 que, en apenas 68 d\u00edas, ha otorgado m\u00e1s de 18 mil atenciones y m\u00e1s de 100 cirug\u00edas, y que en menos de 24 meses podr\u00eda realizarse el primer trasplante de coraz\u00f3n en la historia de Chiapas.<\/p>\n<p style=\"font-weight: 400;\">\n<p style=\"font-weight: 400;\">\u2028En este acto estuvieron presentes el secretario de Marina, Raymundo Pedro Morales; el secretario de Infraestructura, Comunicaciones y Transportes, Jes\u00fas Antonio Esteva Medina; el coordinador general de Programas para el Bienestar, Carlos Torres Rosas; la titular de la Unidad de Infraestructura, Proyectos Especiales y Cartera de Inversi\u00f3n del IMSS, Ana de Gortari Pedroza; el director de Finanzas del IMSS, Marco Aurelio Ram\u00edrez Corzo; el titular del \u00d3rgano de Operaci\u00f3n Administrativa Desconcentrada del IMSS en Chiapas, Hermilo Dom\u00ednguez Z\u00e1rate; la directora del Hospital, Daniela Miranda L\u00f3pez; entre otras autoridades.<\/p>\n","protected":false},"excerpt":{"rendered":"<p>La presidenta de M\u00e9xico reconoci\u00f3 el trabajo del gobernador a favor de la paz y&#8230;<\/p>\n","protected":false},"author":2,"featured_media":33638,"comment_status":"closed","ping_status":"closed","sticky":false,"template":"","format":"standard","meta":{"_joinchat":[],"footnotes":""},"categories":[1,2,3],"tags":[],"class_list":["post-33637","post","type-post","status-publish","format-standard","has-post-thumbnail","hentry","category-boletin","category-estado","category-health"],"_links":{"self":[{"href":"https:\/\/icoinformativo.mx\/home\/index.php?rest_route=\/wp\/v2\/posts\/33637","targetHints":{"allow":["GET"]}}],"collection":[{"href":"https:\/\/icoinformativo.mx\/home\/index.php?rest_route=\/wp\/v2\/posts"}],"about":[{"href":"https:\/\/icoinformativo.mx\/home\/index.php?rest_route=\/wp\/v2\/types\/post"}],"author":[{"embeddable":true,"href":"https:\/\/icoinformativo.mx\/home\/index.php?rest_route=\/wp\/v2\/users\/2"}],"replies":[{"embeddable":true,"href":"https:\/\/icoinformativo.mx\/home\/index.php?rest_route=%2Fwp%2Fv2%2Fcomments&post=33637"}],"version-history":[{"count":1,"href":"https:\/\/icoinformativo.mx\/home\/index.php?rest_route=\/wp\/v2\/posts\/33637\/revisions"}],"predecessor-version":[{"id":33639,"href":"https:\/\/icoinformativo.mx\/home\/index.php?rest_route=\/wp\/v2\/posts\/33637\/revisions\/33639"}],"wp:featuredmedia":[{"embeddable":true,"href":"https:\/\/icoinformativo.mx\/home\/index.php?rest_route=\/wp\/v2\/media\/33638"}],"wp:attachment":[{"href":"https:\/\/icoinformativo.mx\/home\/index.php?rest_route=%2Fwp%2Fv2%2Fmedia&parent=33637"}],"wp:term":[{"taxonomy":"category","embeddable":true,"href":"https:\/\/icoinformativo.mx\/home\/index.php?rest_route=%2Fwp%2Fv2%2Fcategories&post=33637"},{"taxonomy":"post_tag","embeddable":true,"href":"https:\/\/icoinformativo.mx\/home\/index.php?rest_route=%2Fwp%2Fv2%2Ftags&post=33637"}],"curies":[{"name":"wp","href":"https:\/\/api.w.org\/{rel}","templated":true}]}}