{"id":33605,"date":"2025-11-13T04:05:12","date_gmt":"2025-11-13T04:05:12","guid":{"rendered":"https:\/\/icoinformativo.mx\/home\/?p=33605"},"modified":"2025-11-13T04:05:12","modified_gmt":"2025-11-13T04:05:12","slug":"tuxtla-gutierrez-se-prepara-para-vivir-el-festival-el-meque","status":"publish","type":"post","link":"https:\/\/icoinformativo.mx\/home\/?p=33605","title":{"rendered":"Tuxtla Guti\u00e9rrez se prepara para vivir el Festival El Mequ\u00e9"},"content":{"rendered":"<p>&nbsp;<\/p>\n<p>&nbsp;<\/p>\n<p>Se llevar\u00e1 a cabo del 14 al 16 de noviembre, con un Magno Espect\u00e1culo y el Desfile de las Culturas<\/p>\n<p>&nbsp;<\/p>\n<p>La Secretar\u00eda de Turismo del Estado de Chiapas (Sectur Chiapas) invita a la poblaci\u00f3n a disfrutar del Festival El Mequ\u00e9, una celebraci\u00f3n que enaltece las ra\u00edces chiapanecas y comparte con el mundo la riqueza cultural y art\u00edstica del estado.<\/p>\n<p>&nbsp;<\/p>\n<p>La celebraci\u00f3n dar\u00e1 inicio el 14 de noviembre, a las 20:00 horas, en el Parque Bicentenario de Tuxtla Guti\u00e9rrez, con un magno espect\u00e1culo sin precedentes que contar\u00e1 con la participaci\u00f3n de m\u00e1s de 200 actrices, actores y bailarines.<\/p>\n<p>&nbsp;<\/p>\n<p>Esta puesta en escena relatar\u00e1 la historia de Chiapas a trav\u00e9s de una propuesta art\u00edstica inspirada en sus ra\u00edces, costumbres y tradiciones. El p\u00fablico podr\u00e1 asistir a dos funciones adicionales los d\u00edas 15 y 16 de noviembre, en el mismo horario.<\/p>\n<p>&nbsp;<\/p>\n<p>El s\u00e1bado 15 de noviembre se vivir\u00e1 uno de los momentos m\u00e1s emblem\u00e1ticos del festival con el Desfile de las Culturas. Este recorrido partir\u00e1 del Parque Central hacia el Parque Bicentenario a las 18:00 horas, donde el p\u00fablico disfrutar\u00e1 de una tarde llena de m\u00fasica, danza, pirotecnia, carros aleg\u00f3ricos y representaciones culturales de distintos municipios, en una muestra vibrante de la diversidad y el talento chiapaneco.<\/p>\n<p>&nbsp;<\/p>\n<p>El Festival El Mequ\u00e9 forma parte de la visi\u00f3n del Gobierno del Estado, encabezado por el gobernador Eduardo Ram\u00edrez Aguilar, para preservar y promover las expresiones art\u00edsticas y las tradiciones de Chiapas, celebrando la identidad y el orgullo de su gente.<\/p>\n","protected":false},"excerpt":{"rendered":"<p>&nbsp; &nbsp; Se llevar\u00e1 a cabo del 14 al 16 de noviembre, con un Magno&#8230;<\/p>\n","protected":false},"author":2,"featured_media":33606,"comment_status":"closed","ping_status":"closed","sticky":false,"template":"","format":"standard","meta":{"_joinchat":[],"footnotes":""},"categories":[18,1,2,3],"tags":[],"class_list":["post-33605","post","type-post","status-publish","format-standard","has-post-thumbnail","hentry","category-almomento","category-boletin","category-estado","category-health"],"_links":{"self":[{"href":"https:\/\/icoinformativo.mx\/home\/index.php?rest_route=\/wp\/v2\/posts\/33605","targetHints":{"allow":["GET"]}}],"collection":[{"href":"https:\/\/icoinformativo.mx\/home\/index.php?rest_route=\/wp\/v2\/posts"}],"about":[{"href":"https:\/\/icoinformativo.mx\/home\/index.php?rest_route=\/wp\/v2\/types\/post"}],"author":[{"embeddable":true,"href":"https:\/\/icoinformativo.mx\/home\/index.php?rest_route=\/wp\/v2\/users\/2"}],"replies":[{"embeddable":true,"href":"https:\/\/icoinformativo.mx\/home\/index.php?rest_route=%2Fwp%2Fv2%2Fcomments&post=33605"}],"version-history":[{"count":1,"href":"https:\/\/icoinformativo.mx\/home\/index.php?rest_route=\/wp\/v2\/posts\/33605\/revisions"}],"predecessor-version":[{"id":33607,"href":"https:\/\/icoinformativo.mx\/home\/index.php?rest_route=\/wp\/v2\/posts\/33605\/revisions\/33607"}],"wp:featuredmedia":[{"embeddable":true,"href":"https:\/\/icoinformativo.mx\/home\/index.php?rest_route=\/wp\/v2\/media\/33606"}],"wp:attachment":[{"href":"https:\/\/icoinformativo.mx\/home\/index.php?rest_route=%2Fwp%2Fv2%2Fmedia&parent=33605"}],"wp:term":[{"taxonomy":"category","embeddable":true,"href":"https:\/\/icoinformativo.mx\/home\/index.php?rest_route=%2Fwp%2Fv2%2Fcategories&post=33605"},{"taxonomy":"post_tag","embeddable":true,"href":"https:\/\/icoinformativo.mx\/home\/index.php?rest_route=%2Fwp%2Fv2%2Ftags&post=33605"}],"curies":[{"name":"wp","href":"https:\/\/api.w.org\/{rel}","templated":true}]}}